{"id":59561,"date":"2023-03-27T11:38:26","date_gmt":"2023-03-27T17:38:26","guid":{"rendered":"https:\/\/interaccionnoticias.com.mx\/?p=59561"},"modified":"2023-03-27T11:38:31","modified_gmt":"2023-03-27T17:38:31","slug":"liberan-las-vialidades-y-accesos-en-tlapa","status":"publish","type":"post","link":"https:\/\/www.interaccionnoticias.com.mx\/?p=59561","title":{"rendered":"Liberan las vialidades y accesos en Tlapa"},"content":{"rendered":"\n<p><strong><em>&#8212; Se desconoce su hubo acuerdos con las autoridades<\/em><\/strong><\/p>\n\n\n\n<p><strong>Rogelio Agust\u00edn<\/strong><\/p>\n\n\n\n<p>Antes de las 10:00 horas, los transportistas liberaron los accesos y todas las vialidades internas que hab\u00edan bloqueado en Tlapa de Comonfort.<\/p>\n\n\n\n<p>La protesta comenz\u00f3 desde las 06:00 horas, cuando choferes de urvan, taxistas y de microbuses colocaron unidades en cada uno de los accesos a la cabecera municipal.<\/p>\n\n\n\n<p>Aunque la causa principal de movimiento fue el asesinato de uno de sus compa\u00f1eros, los trabajadores del volante reclamaban la salida de dicha ciudad del personal de la Polic\u00eda del Estado, al que acusaban de cometer diferentes accesos en contra de la poblaci\u00f3n.<\/p>\n\n\n\n<p>Pero a partir de las 09:40 las vialidades se fueron liberando, de tal suerte que para las 11, la circulaci\u00f3n en dicha ciudad ya se hab\u00eda regilarizado.<\/p>\n","protected":false},"excerpt":{"rendered":"<p>&#8212; Se desconoce su hubo acuerdos con las autoridades Rogelio Agust\u00edn Antes de las 10:00 horas, los transportistas liberaron los accesos y todas las vialidades internas que hab\u00edan bloqueado en&hellip; <\/p>\n","protected":false},"author":21,"featured_media":59562,"comment_status":"open","ping_status":"open","sticky":false,"template":"","format":"standard","meta":{"fifu_image_url":"","fifu_image_alt":"","footnotes":""},"categories":[23],"tags":[],"class_list":["post-59561","post","type-post","status-publish","format-standard","has-post-thumbnail","hentry","category-regionales"],"_links":{"self":[{"href":"https:\/\/www.interaccionnoticias.com.mx\/index.php?rest_route=\/wp\/v2\/posts\/59561","targetHints":{"allow":["GET"]}}],"collection":[{"href":"https:\/\/www.interaccionnoticias.com.mx\/index.php?rest_route=\/wp\/v2\/posts"}],"about":[{"href":"https:\/\/www.interaccionnoticias.com.mx\/index.php?rest_route=\/wp\/v2\/types\/post"}],"author":[{"embeddable":true,"href":"https:\/\/www.interaccionnoticias.com.mx\/index.php?rest_route=\/wp\/v2\/users\/21"}],"replies":[{"embeddable":true,"href":"https:\/\/www.interaccionnoticias.com.mx\/index.php?rest_route=%2Fwp%2Fv2%2Fcomments&post=59561"}],"version-history":[{"count":1,"href":"https:\/\/www.interaccionnoticias.com.mx\/index.php?rest_route=\/wp\/v2\/posts\/59561\/revisions"}],"predecessor-version":[{"id":59563,"href":"https:\/\/www.interaccionnoticias.com.mx\/index.php?rest_route=\/wp\/v2\/posts\/59561\/revisions\/59563"}],"wp:featuredmedia":[{"embeddable":true,"href":"https:\/\/www.interaccionnoticias.com.mx\/index.php?rest_route=\/wp\/v2\/media\/59562"}],"wp:attachment":[{"href":"https:\/\/www.interaccionnoticias.com.mx\/index.php?rest_route=%2Fwp%2Fv2%2Fmedia&parent=59561"}],"wp:term":[{"taxonomy":"category","embeddable":true,"href":"https:\/\/www.interaccionnoticias.com.mx\/index.php?rest_route=%2Fwp%2Fv2%2Fcategories&post=59561"},{"taxonomy":"post_tag","embeddable":true,"href":"https:\/\/www.interaccionnoticias.com.mx\/index.php?rest_route=%2Fwp%2Fv2%2Ftags&post=59561"}],"curies":[{"name":"wp","href":"https:\/\/api.w.org\/{rel}","templated":true}]}}