{"id":59547,"date":"2023-03-26T20:33:16","date_gmt":"2023-03-27T02:33:16","guid":{"rendered":"https:\/\/interaccionnoticias.com.mx\/?p=59547"},"modified":"2023-03-26T20:33:20","modified_gmt":"2023-03-27T02:33:20","slug":"tiran-cadaver-embolsado-en-plan-de-lima-advierte-mas-violencia-en-tierra-colorada","status":"publish","type":"post","link":"https:\/\/www.interaccionnoticias.com.mx\/?p=59547","title":{"rendered":"Tiran cad\u00e1ver embolsado en Plan de Lima, advierte m\u00e1s violencia en Tierra Colorada"},"content":{"rendered":"\n<p><strong><em>&#8212; Hombres armados se graban cuando bajan de la Sierra, dicen que ya tienen ubicados a sus objetivos<br>&#8212; La alcaldesa, Diana Carolina Costilla ha pedido que se refuercen los trabajos de seguridad<\/em><\/strong><\/p>\n\n\n\n<p><strong>Rogelio Agust\u00edn<\/strong><\/p>\n\n\n\n<p>El cad\u00e1ver de una persona fue tirado sobre la carretera federal M\u00e9xico-Acapulco, a la altura de la comunidad de Plan de Lima, horas antes, en redes sociales se difundi\u00f3 un video, en el que sujetos armados anuncian que han llegado desde la sierra para generar m\u00e1s hechos de violencia en el municipio de Juan R. Escudero, donde la alcaldesa Diana Carolina Costilla Villanueva ha solicitado que se incrementen los trabajos de seguridad p\u00fablica.<\/p>\n\n\n\n<p>El cad\u00e1ver abandonado sobre la carretera estaba envuelto en una bolsa de pl\u00e1stico, lo que moviliz\u00f3 a varias corporaciones policiacas, poco despu\u00e9s de las 19:00 horas del domingo 26 de marzo.<\/p>\n\n\n\n<p>El viernes pasado, el propietario de un restaurante ubicado en Plan de Lima fue asesinado a balazos, en una carretera de terracer\u00eda del municipio de Juan R. Escudero, cuya cabecera es Tierra Colorada.<\/p>\n\n\n\n<p>La semana anterior, en la periferia de Tierra Colorada fue asesinado a balazos el empresario de la construcci\u00f3n Rodolfo Flores junto con otro var\u00f3n que lo acompa\u00f1aba.<\/p>\n\n\n\n<p>Antes de que el cad\u00e1ver de este domingo fuera localizado, en la red social Facebook se difundi\u00f3 un video en el que se observa como un grupo de veh\u00edculos circulan sobre una carretera de terracer\u00eda.<\/p>\n\n\n\n<p>El video grabado con un tel\u00e9fono celular enfoca la carretera para mostrar a un auto tipo jetta color vino, mientras se enfoca al interior de lo que parece una camioneta para mostrar las armas que portan sus ocupantes.<\/p>\n\n\n\n<p>En el video retan a un supuesto jefe de plaza que opera en Tierra Colorada para una organizaci\u00f3n delictiva antag\u00f3nica, para luego se\u00f1alar que van a asesinar a varios operadores que tienen ubicados.<\/p>\n\n\n\n<p>En la parte final, el que habla golpea la ventana de la unidad que tripula para demostrar que es blindada, luego se corta la imagen con la advertencia de que habr\u00e1 m\u00e1s hechos de violencia en ese municipio, que tiene salida hacia la Costa Chica y la Sierra.<\/p>\n\n\n\n<p>La semana pasada, la alcaldesa del lugar, Diana Carolina Costilla Villanueva hizo un llamado al Estado y la Federaci\u00f3n, para que se refuerce la presencia de los cuerpos de seguridad y se inhiban los ataques en contra de la ciudadan\u00eda.<\/p>\n","protected":false},"excerpt":{"rendered":"<p>&#8212; Hombres armados se graban cuando bajan de la Sierra, dicen que ya tienen ubicados a sus objetivos&#8212; La alcaldesa, Diana Carolina Costilla ha pedido que se refuercen los trabajos&hellip; <\/p>\n","protected":false},"author":21,"featured_media":59548,"comment_status":"open","ping_status":"open","sticky":false,"template":"","format":"standard","meta":{"fifu_image_url":"","fifu_image_alt":"","footnotes":""},"categories":[27],"tags":[],"class_list":["post-59547","post","type-post","status-publish","format-standard","has-post-thumbnail","hentry","category-seguridad-publica"],"_links":{"self":[{"href":"https:\/\/www.interaccionnoticias.com.mx\/index.php?rest_route=\/wp\/v2\/posts\/59547","targetHints":{"allow":["GET"]}}],"collection":[{"href":"https:\/\/www.interaccionnoticias.com.mx\/index.php?rest_route=\/wp\/v2\/posts"}],"about":[{"href":"https:\/\/www.interaccionnoticias.com.mx\/index.php?rest_route=\/wp\/v2\/types\/post"}],"author":[{"embeddable":true,"href":"https:\/\/www.interaccionnoticias.com.mx\/index.php?rest_route=\/wp\/v2\/users\/21"}],"replies":[{"embeddable":true,"href":"https:\/\/www.interaccionnoticias.com.mx\/index.php?rest_route=%2Fwp%2Fv2%2Fcomments&post=59547"}],"version-history":[{"count":1,"href":"https:\/\/www.interaccionnoticias.com.mx\/index.php?rest_route=\/wp\/v2\/posts\/59547\/revisions"}],"predecessor-version":[{"id":59549,"href":"https:\/\/www.interaccionnoticias.com.mx\/index.php?rest_route=\/wp\/v2\/posts\/59547\/revisions\/59549"}],"wp:featuredmedia":[{"embeddable":true,"href":"https:\/\/www.interaccionnoticias.com.mx\/index.php?rest_route=\/wp\/v2\/media\/59548"}],"wp:attachment":[{"href":"https:\/\/www.interaccionnoticias.com.mx\/index.php?rest_route=%2Fwp%2Fv2%2Fmedia&parent=59547"}],"wp:term":[{"taxonomy":"category","embeddable":true,"href":"https:\/\/www.interaccionnoticias.com.mx\/index.php?rest_route=%2Fwp%2Fv2%2Fcategories&post=59547"},{"taxonomy":"post_tag","embeddable":true,"href":"https:\/\/www.interaccionnoticias.com.mx\/index.php?rest_route=%2Fwp%2Fv2%2Ftags&post=59547"}],"curies":[{"name":"wp","href":"https:\/\/api.w.org\/{rel}","templated":true}]}}