{"id":59541,"date":"2023-03-26T20:18:20","date_gmt":"2023-03-27T02:18:20","guid":{"rendered":"https:\/\/interaccionnoticias.com.mx\/?p=59541"},"modified":"2023-03-26T20:18:25","modified_gmt":"2023-03-27T02:18:25","slug":"colectivo-de-desaparecidos-encuentran-5-osamentas-en-dos-jornadas-de-busqueda","status":"publish","type":"post","link":"https:\/\/www.interaccionnoticias.com.mx\/?p=59541","title":{"rendered":"Colectivo de desaparecidos encuentran 5 osamentas en dos jornadas de b\u00fasqueda"},"content":{"rendered":"\n<p><strong><em>&#8212; Reprochan que los diputados tengan empantanada la Ley de Desaparici\u00f3n Forzada de Personas<\/em><\/strong><\/p>\n\n\n\n<p><strong>Dassaev T\u00e9llez Adame<\/strong><\/p>\n\n\n\n<p><strong>Chilpancingo, 26 de marzo. &#8211;<\/strong> Al menos 5 osamentas fueron encontradas en dos jornadas de b\u00fasqueda realizadas en Acapulco y Chichihualco, de acuerdo con Josu\u00e9 Molina Rodr\u00edguez, vocero del Colectivo de Desaparecidos \u2018Lupita Rodr\u00edguez Narciso\u2019.<\/p>\n\n\n\n<p>El activista, hijo de la se\u00f1ora Lupita Rodr\u00edguez, se\u00f1al\u00f3 que hasta el momento no hay disposici\u00f3n por parte de los legisladores guerrerenses para crear la Ley de V\u00edctimas, la cual sigue estancada y sin avances en comisiones del Congreso.<\/p>\n\n\n\n<p>Explic\u00f3 que dicho colectivo est\u00e1 integrado en su mayor\u00eda por mujeres, esposas, madres e hijas de un desaparecido, que han convertido su dolor y su tristeza en movilizaci\u00f3n, en acci\u00f3n, en dejar un rato los rezos y tomar la pala, el pico y se han trasladado a los lugares m\u00e1s dif\u00edciles, donde han encontrado los restos de un sin n\u00famero de personas.<\/p>\n\n\n\n<p>Indico que hoy en d\u00eda, el tema de la desaparici\u00f3n de personas sigue sin cambiar, de acuerdo a las cifras oficiales el estado de Guerrero tiene un registro de por lo menos 4 mil 53 personas desaparecidas.<\/p>\n\n\n\n<p>Aclar\u00f3: \u201cEsas nom\u00e1s son cifras oficiales, pero hay un sinf\u00edn de personas que no se atreven a hablar y a denunciar\u201d.<\/p>\n\n\n\n<p>Dijo adem\u00e1s, que la Fiscal\u00eda General del Estado hace a un lado a las familias de v\u00edctimas de desaparici\u00f3n forzada, indic\u00e1ndoles que para poder activar protocolos de b\u00fasqueda, tienen que esperar 48 horas, lo que muchas veces opera en contra de las v\u00edctimas directas.<\/p>\n\n\n\n<p>\u201cEl sistema homologado de b\u00fasqueda, lo dice claramente, tiene que actuarse inmediatamente, en cuanto se d\u00e9 a conocer la noticia\u201d, asegura.<\/p>\n\n\n\n<p>Explico que este mes culminaron 2 b\u00fasquedas de desaparecidos, uno en el parque del \u2018Veladero\u2019, en Acapulco y otra en los l\u00edmites de Chichihualco, donde localizaron restos de por lo menos 5 personas.<\/p>\n\n\n\n<p>\u201cA nosotros si nos interesa hacerlo, a nosotros si nos interesa buscar a los nuestros, por eso insistimos en que debe existir una legislaci\u00f3n acorde a las necesidades reales\u201d, se\u00f1al\u00f3.<\/p>\n\n\n\n<p>De los 5 hallazgos, 2 son de osamentas completas, una parte de una columna y otras piezas m\u00e1s, los cuales ser\u00e1n resguardados en el Servicio M\u00e9dico Forense (SEMEFO) y esperar\u00e1n a que se les realicen los estudios correspondientes, los cuales se realizan en la Ciudad de M\u00e9xico (CDMX).<\/p>\n\n\n\n<p>Molina Rodr\u00edguez puntualizo que, como a muchos colectivos, les interesa que haya un centro regional de identificaci\u00f3n humana en Guerrero, porque se siguen encimando los restos humanos sin ning\u00fan respeto, sin los estudios debidos.<\/p>\n\n\n\n<p>Varios colectivos han propuesto que este centro se construya en Atoyac, como homenaje a los desparecidos de la Guerra Sucia y que lleve por nombre \u2018Lucio Caba\u00f1as\u2019.<\/p>\n\n\n\n<p>En el caso de la Ley de Desaparici\u00f3n Forzada, record\u00f3 que el pasado 17 de marzo sostuvieron un acercamiento con los diputados locales, pero asever\u00f3: \u201cSimplemente no atinan a una\u201d.<\/p>\n\n\n\n<p>Los colectivo han propuesto una serie de necesidades que consideran importantes para la ley, buscando nutrirla y hacerla m\u00e1s completa, desde el punto de vista de las familias de desaparecidos.<\/p>\n\n\n\n<p>Sin embargo, la propuesta de ley presentada por los legisladores en el pasado mes de noviembre no cuada.<\/p>\n\n\n\n<p>\u201cNo llevaba las observaciones que nosotros les hab\u00edamos hecho, hay que reconocer que llevaba muchos textos de los cuales no les cambiaron ni una coma a varias partes que nosotros pusimos, pero a\u00fan le falta mucho m\u00e1s\u201d.<\/p>\n\n\n\n<p>Indico que si hay partes que se contraponen con otras leyes, como la total independencia de la Comisi\u00f3n Estatal de B\u00fasqueda (CEB) y la Comisi\u00f3n Estatal de Comisi\u00f3n de Victimas (CEAM).<\/p>\n\n\n\n<p>De acuerdo a los informes de la Organizaci\u00f3n de las Naciones Unidas (ONU), tendr\u00edan que pasar m\u00e1s de cien a\u00f1os para que se pueda superar la crisis humanitaria de 52 mil restos sin identificar en M\u00e9xico.<\/p>\n","protected":false},"excerpt":{"rendered":"<p>&#8212; Reprochan que los diputados tengan empantanada la Ley de Desaparici\u00f3n Forzada de Personas Dassaev T\u00e9llez Adame Chilpancingo, 26 de marzo. &#8211; Al menos 5 osamentas fueron encontradas en dos&hellip; <\/p>\n","protected":false},"author":9,"featured_media":59542,"comment_status":"open","ping_status":"open","sticky":false,"template":"","format":"standard","meta":{"fifu_image_url":"","fifu_image_alt":"","footnotes":""},"categories":[29],"tags":[],"class_list":["post-59541","post","type-post","status-publish","format-standard","has-post-thumbnail","hentry","category-sociedad"],"_links":{"self":[{"href":"https:\/\/www.interaccionnoticias.com.mx\/index.php?rest_route=\/wp\/v2\/posts\/59541","targetHints":{"allow":["GET"]}}],"collection":[{"href":"https:\/\/www.interaccionnoticias.com.mx\/index.php?rest_route=\/wp\/v2\/posts"}],"about":[{"href":"https:\/\/www.interaccionnoticias.com.mx\/index.php?rest_route=\/wp\/v2\/types\/post"}],"author":[{"embeddable":true,"href":"https:\/\/www.interaccionnoticias.com.mx\/index.php?rest_route=\/wp\/v2\/users\/9"}],"replies":[{"embeddable":true,"href":"https:\/\/www.interaccionnoticias.com.mx\/index.php?rest_route=%2Fwp%2Fv2%2Fcomments&post=59541"}],"version-history":[{"count":1,"href":"https:\/\/www.interaccionnoticias.com.mx\/index.php?rest_route=\/wp\/v2\/posts\/59541\/revisions"}],"predecessor-version":[{"id":59543,"href":"https:\/\/www.interaccionnoticias.com.mx\/index.php?rest_route=\/wp\/v2\/posts\/59541\/revisions\/59543"}],"wp:featuredmedia":[{"embeddable":true,"href":"https:\/\/www.interaccionnoticias.com.mx\/index.php?rest_route=\/wp\/v2\/media\/59542"}],"wp:attachment":[{"href":"https:\/\/www.interaccionnoticias.com.mx\/index.php?rest_route=%2Fwp%2Fv2%2Fmedia&parent=59541"}],"wp:term":[{"taxonomy":"category","embeddable":true,"href":"https:\/\/www.interaccionnoticias.com.mx\/index.php?rest_route=%2Fwp%2Fv2%2Fcategories&post=59541"},{"taxonomy":"post_tag","embeddable":true,"href":"https:\/\/www.interaccionnoticias.com.mx\/index.php?rest_route=%2Fwp%2Fv2%2Ftags&post=59541"}],"curies":[{"name":"wp","href":"https:\/\/api.w.org\/{rel}","templated":true}]}}