{"id":59496,"date":"2023-03-24T21:05:54","date_gmt":"2023-03-25T03:05:54","guid":{"rendered":"https:\/\/interaccionnoticias.com.mx\/?p=59496"},"modified":"2023-03-24T21:05:59","modified_gmt":"2023-03-25T03:05:59","slug":"la-gobernadora-evelyn-apoya-con-918-recategorizaciones-a-docentes-de-claves-bajas-titular-de-la-seg","status":"publish","type":"post","link":"https:\/\/www.interaccionnoticias.com.mx\/?p=59496","title":{"rendered":"La gobernadora Evelyn, apoya con 918 recategorizaciones a docentes de Claves Bajas: titular de la SEG"},"content":{"rendered":"\n<p><strong>Chilpancingo de los Bravo, Gro., 24 de marzo del 2023.<\/strong><\/p>\n\n\n\n<p>Por gestiones de la gobernadora Evelyn Salgado Pineda, ante el Presidente de la Rep\u00fablica Lic. Andres Manuel Lopez Obrador y la Secreraria de Educaci\u00f3n P\u00fablica, Mtra. Leticia Ram\u00edrez Amaya, hoy se iniciar\u00e1 la entrega de 918 nombramientos -recategorizaciones- a 918 docentes de claves bajas, que ganaban bajos salarios, inform\u00f3 Marcial Rodr\u00edguez Salda\u00f1a, Secretario de Educaci\u00f3n en Guerrero.<\/p>\n\n\n\n<p>El responsable de la educaci\u00f3n en la entidad, expres\u00f3 que con esta entrega queda demostrado el compromiso de la gobernadora Evelyn Salgado, con la justicia laborar hacia el magisterio guerrerense.<\/p>\n\n\n\n<p>Estos nombramientos, se agregan a los est\u00edmulos a la carrera administrativa, a los reconocimientos y apoyos en promoci\u00f3n horizontal y vertical a m\u00e1s de mil 500 de trabajadora\/es de la educaci\u00f3n y a la entrega de plazas a egresados normalistas.<\/p>\n","protected":false},"excerpt":{"rendered":"<p>Chilpancingo de los Bravo, Gro., 24 de marzo del 2023. Por gestiones de la gobernadora Evelyn Salgado Pineda, ante el Presidente de la Rep\u00fablica Lic. Andres Manuel Lopez Obrador y&hellip; <\/p>\n","protected":false},"author":19,"featured_media":59497,"comment_status":"open","ping_status":"open","sticky":false,"template":"","format":"standard","meta":{"fifu_image_url":"","fifu_image_alt":"","footnotes":""},"categories":[11],"tags":[],"class_list":["post-59496","post","type-post","status-publish","format-standard","has-post-thumbnail","hentry","category-guerrero"],"_links":{"self":[{"href":"https:\/\/www.interaccionnoticias.com.mx\/index.php?rest_route=\/wp\/v2\/posts\/59496","targetHints":{"allow":["GET"]}}],"collection":[{"href":"https:\/\/www.interaccionnoticias.com.mx\/index.php?rest_route=\/wp\/v2\/posts"}],"about":[{"href":"https:\/\/www.interaccionnoticias.com.mx\/index.php?rest_route=\/wp\/v2\/types\/post"}],"author":[{"embeddable":true,"href":"https:\/\/www.interaccionnoticias.com.mx\/index.php?rest_route=\/wp\/v2\/users\/19"}],"replies":[{"embeddable":true,"href":"https:\/\/www.interaccionnoticias.com.mx\/index.php?rest_route=%2Fwp%2Fv2%2Fcomments&post=59496"}],"version-history":[{"count":1,"href":"https:\/\/www.interaccionnoticias.com.mx\/index.php?rest_route=\/wp\/v2\/posts\/59496\/revisions"}],"predecessor-version":[{"id":59498,"href":"https:\/\/www.interaccionnoticias.com.mx\/index.php?rest_route=\/wp\/v2\/posts\/59496\/revisions\/59498"}],"wp:featuredmedia":[{"embeddable":true,"href":"https:\/\/www.interaccionnoticias.com.mx\/index.php?rest_route=\/wp\/v2\/media\/59497"}],"wp:attachment":[{"href":"https:\/\/www.interaccionnoticias.com.mx\/index.php?rest_route=%2Fwp%2Fv2%2Fmedia&parent=59496"}],"wp:term":[{"taxonomy":"category","embeddable":true,"href":"https:\/\/www.interaccionnoticias.com.mx\/index.php?rest_route=%2Fwp%2Fv2%2Fcategories&post=59496"},{"taxonomy":"post_tag","embeddable":true,"href":"https:\/\/www.interaccionnoticias.com.mx\/index.php?rest_route=%2Fwp%2Fv2%2Ftags&post=59496"}],"curies":[{"name":"wp","href":"https:\/\/api.w.org\/{rel}","templated":true}]}}