{"id":59493,"date":"2023-03-24T21:02:25","date_gmt":"2023-03-25T03:02:25","guid":{"rendered":"https:\/\/interaccionnoticias.com.mx\/?p=59493"},"modified":"2023-03-24T21:02:31","modified_gmt":"2023-03-25T03:02:31","slug":"en-el-congreso-local-hay-desprecio-y-desden-por-los-pueblos-originarios-y-afros-sanchez-esquivel","status":"publish","type":"post","link":"https:\/\/www.interaccionnoticias.com.mx\/?p=59493","title":{"rendered":"En el Congreso Local hay desprecio y desd\u00e9n por los pueblos originarios y afros: S\u00e1nchez Esquivel"},"content":{"rendered":"\n<p><strong>Rosario Garc\u00eda Orozco<\/strong><\/p>\n\n\n\n<p><strong>Chilpancingo, Gro., 24 de marzo del 2023.-<\/strong> En opini\u00f3n del diputado local morenista, Alfredo S\u00e1nchez Esquivel, existe desprecio y desd\u00e9n hacia los pueblos originarios y afros por parte de algunos legisladores.<\/p>\n\n\n\n<p>Se refiri\u00f3 de esa manera luego de que el jueves pasado, gestores de los 4 nuevos municipios, en conferencia de prensa, denunciaron que los legisladores \u00able est\u00e1n dando largas\u00bb a la asignaci\u00f3n de las autoridades instituyentes de esas nuevas demarcaciones.<\/p>\n\n\n\n<p>Al respecto, Alfredo S\u00e1nchez mencion\u00f3 que meses antes de iniciar el proceso electoral con rumbo a la elecci\u00f3n del 2024 se suspende cualquier tipo de \u201cacci\u00f3n\u201d como ser\u00eda el caso de la creaci\u00f3n de nuevos municipios, \u201cyo lo que he observado es el chicaneo de algunos diputados que est\u00e1n alargando el tr\u00e1mite hasta llegar a un momento en que si comienza el proceso electoral, ya no se puedan nombra a estos nuevos municipios, y lo pasen para la pr\u00f3xima legislatura, y con esto lo \u00fanico que muestran es el desprecio y desd\u00e9n que tiene hacia los pueblos originarios y los pueblos afros\u201d.<\/p>\n\n\n\n<p>Asegur\u00f3 que en el caso de los nuevos municipios, los diputados juegan con la inteligencia de los pueblos originarios y afros al no dar una respuesta pronta a su demanda, bajo el argumento de que existen impugnaciones ante la Suprema Corte de Justicia de la Naci\u00f3n.<\/p>\n\n\n\n<p>En ese sentido, el morenista explic\u00f3 que la ley no marca que se debe esperar un fallo del m\u00e1ximo \u00f3rgano jurisdiccional del pa\u00eds por una impugnaci\u00f3n que calific\u00f3 como normal en estos casos, \u201ctodo lo que hace el Poder Legislativo es impugnable\u201d, enfatiz\u00f3.<\/p>\n\n\n\n<p>Consider\u00f3 que los legisladores \u201chan ocupado la justificaci\u00f3n de una impugnaci\u00f3n para justificar el no avanzar y dejar de atender ese tema, lo ideal es atender lo que por derecho le corresponde a los pueblos originaros y afros\u201d.<\/p>\n\n\n\n<p>Dijo que esa tardanza ha originado mucha molestia entre los pueblos originarios y afros, porque en los 120 d\u00edas que el Congreso Local solicit\u00f3 como pr\u00f3rroga para la instituci\u00f3n de los nuevos municipios \u201cpoco se ha avanzado\u201d.<\/p>\n\n\n\n<p>S\u00e1nchez Esquivel coment\u00f3 que es integrante de la comisi\u00f3n especial para la creaci\u00f3n de los municipios de San Nicol\u00e1s, Santa Cruz del Rinc\u00f3n, Las Mesas y \u00d1u Saavi, \u00aben la que nos nos hemos declarado en contra de algunas decisiones que han tomado algunos actores pol\u00edtico dentro del propio Congreso y no hemos acompa\u00f1ado ciertas iniciativas, ciertas propuestas como fue el caso de en vez de que iniciaran a gobernar a partir del primero de enero de este a\u00f1o, lo pospusieron a 120 d\u00edas despu\u00e9s\u201d.<\/p>\n","protected":false},"excerpt":{"rendered":"<p>Rosario Garc\u00eda Orozco Chilpancingo, Gro., 24 de marzo del 2023.- En opini\u00f3n del diputado local morenista, Alfredo S\u00e1nchez Esquivel, existe desprecio y desd\u00e9n hacia los pueblos originarios y afros por&hellip; <\/p>\n","protected":false},"author":14,"featured_media":59494,"comment_status":"open","ping_status":"open","sticky":false,"template":"","format":"standard","meta":{"fifu_image_url":"","fifu_image_alt":"","footnotes":""},"categories":[2],"tags":[],"class_list":["post-59493","post","type-post","status-publish","format-standard","has-post-thumbnail","hentry","category-congreso"],"_links":{"self":[{"href":"https:\/\/www.interaccionnoticias.com.mx\/index.php?rest_route=\/wp\/v2\/posts\/59493","targetHints":{"allow":["GET"]}}],"collection":[{"href":"https:\/\/www.interaccionnoticias.com.mx\/index.php?rest_route=\/wp\/v2\/posts"}],"about":[{"href":"https:\/\/www.interaccionnoticias.com.mx\/index.php?rest_route=\/wp\/v2\/types\/post"}],"author":[{"embeddable":true,"href":"https:\/\/www.interaccionnoticias.com.mx\/index.php?rest_route=\/wp\/v2\/users\/14"}],"replies":[{"embeddable":true,"href":"https:\/\/www.interaccionnoticias.com.mx\/index.php?rest_route=%2Fwp%2Fv2%2Fcomments&post=59493"}],"version-history":[{"count":1,"href":"https:\/\/www.interaccionnoticias.com.mx\/index.php?rest_route=\/wp\/v2\/posts\/59493\/revisions"}],"predecessor-version":[{"id":59495,"href":"https:\/\/www.interaccionnoticias.com.mx\/index.php?rest_route=\/wp\/v2\/posts\/59493\/revisions\/59495"}],"wp:featuredmedia":[{"embeddable":true,"href":"https:\/\/www.interaccionnoticias.com.mx\/index.php?rest_route=\/wp\/v2\/media\/59494"}],"wp:attachment":[{"href":"https:\/\/www.interaccionnoticias.com.mx\/index.php?rest_route=%2Fwp%2Fv2%2Fmedia&parent=59493"}],"wp:term":[{"taxonomy":"category","embeddable":true,"href":"https:\/\/www.interaccionnoticias.com.mx\/index.php?rest_route=%2Fwp%2Fv2%2Fcategories&post=59493"},{"taxonomy":"post_tag","embeddable":true,"href":"https:\/\/www.interaccionnoticias.com.mx\/index.php?rest_route=%2Fwp%2Fv2%2Ftags&post=59493"}],"curies":[{"name":"wp","href":"https:\/\/api.w.org\/{rel}","templated":true}]}}