{"id":59490,"date":"2023-03-24T19:02:22","date_gmt":"2023-03-25T01:02:22","guid":{"rendered":"https:\/\/interaccionnoticias.com.mx\/?p=59490"},"modified":"2023-03-24T19:02:23","modified_gmt":"2023-03-25T01:02:23","slug":"ayotzinapa-exige-que-se-clarifique-la-detencion-de-los-nueve-policias","status":"publish","type":"post","link":"https:\/\/www.interaccionnoticias.com.mx\/?p=59490","title":{"rendered":"Ayotzinapa exige que se clarifique la detenci\u00f3n de los nueve polic\u00edas"},"content":{"rendered":"\n<p><strong><em>&#8212; Reprochan que a m\u00e1s de ocho a\u00f1os, no se haya conseguido llegar a la verdad<br>&#8212; No quedarse con la versi\u00f3n oficial, piden a la ciudadan\u00eda<br>&#8212; Hay razones para desconfiar, dice la sociedad de alumnos<\/em><\/strong><\/p>\n\n\n\n<p><strong>Rogelio Agust\u00edn<\/strong><\/p>\n\n\n\n<p>La sociedad de alumnos de la Normal Rural de Ayotzinapa exigi\u00f3 que el Gobierno de la Rep\u00fablica esclarezca la raz\u00f3n por la que fueron detenidos nueve polic\u00edas, de los que ocho se encuentran en el penal del Altiplano y una m\u00e1s en el estado de Morelos.<\/p>\n\n\n\n<p>El mi\u00e9rcoles 22 de marzo, la Secretar\u00eda de Seguridad P\u00fablica (SSP) inform\u00f3 que hab\u00eda coadyuvado con la Marina y la Fiscal\u00eda General de la Rep\u00fablica (FGR) en la detenci\u00f3n de siete polic\u00edas estatales y dos preventivos de Huitzuco, por su vinculaci\u00f3n con la desaparici\u00f3n de los 43 normalistas rurales de Ayotzinapa.<\/p>\n\n\n\n<p>Al d\u00eda siguiente, las familias de los detenidos acudieron a la delegaci\u00f3n de la FGR de Chilpancingo, para denunciar que sus seres queridos est\u00e1n siendo utilizados como chivos expiatorios, pues no tienen ninguna relaci\u00f3n con los hechos del 26 de septiembre de 2014.<\/p>\n\n\n\n<p>En varios casos, dijeron que no estaban en Iguala en el tiempo en que se suscitaron los hechos, ya que estaban adscritos en ciudades como Chilpancingo, Acapulco y Zihuatanejo.<\/p>\n\n\n\n<p>El mismo jueves, los detenidos fueron canalizados a los penales del Altiplano y una mujer al estado de Morelos, a ninguno se le permiti\u00f3 hablar con sus familiares.<\/p>\n\n\n\n<p><strong>El reclamo de Ayotzinapa<\/strong><\/p>\n\n\n\n<p>La tarde del viernes 24 de marzo, representantes de la Normal Rural de Ayotzinapa realizaron una transmisi\u00f3n desde su sal\u00f3n de usos m\u00faltiples, para exigir que las autoridades esclarezcan las razones por las que detuvieron a los nueve polic\u00edas.<\/p>\n\n\n\n<p>Con el rostro cubierto, los normalistas rurales dijeron tener razones para desconfiar de la versi\u00f3n oficial sobre el caso.<\/p>\n\n\n\n<p>\u00abPrimero dieron a conocer la famosa Verdad Historica, cuando el entonces procurador Jes\u00fas Murillo Karam dijo que los 43 compa\u00f1eros hab\u00edan sido asesinados y calcinados, para luego dispersar sus cenizas en el r\u00edo San Juan\u00bb, se\u00f1alaron.<\/p>\n\n\n\n<p>Posteriormente, el Grupo Interdisciplinario de Expertos Independientes (GIEI) dio a conocer las razones por las que la Verdad Hist\u00f3rica carec\u00eda de sustento.<\/p>\n\n\n\n<p>\u00abEl Gobierno de Enrique Pe\u00f1a Nieto nunca quiso hacer ninguna revisi\u00f3n a la actitud que asumi\u00f3 el Ej\u00e9rcito, a pesar de que se fue conociendo que hab\u00eda muchos informantes del Ej\u00e9rcito dando seguimiento a lo que pasaba esa noche en Iguala\u00bb, anotaron.<\/p>\n\n\n\n<p>Tras las elecciones de 2018, se\u00f1alaron que el presidente Andr\u00e9s Manuel L\u00f3pez Obrador estableci\u00f3 el compromiso de hacer justicia, de integrar una comisi\u00f3n que llegara a la verdad y que garantizara la no repetici\u00f3n.<\/p>\n\n\n\n<p>\u00abHubo un informe a cargo de Alejandro Encinas que ten\u00eda muchas similitudes a la Verdad Historica, se dieron a conocer los pantallazos y lo que sucedi\u00f3 despu\u00e9s fue terrible, cuando el GIEI mostr\u00f3 que las actualizaciones de la aplicaci\u00f3n exhibida no exist\u00edan en 2014\u00bb.<\/p>\n\n\n\n<p>Indicaron: \u00abEl GIEI desminti\u00f3 parte sustancial del informe presentado por el Gobierno, lo que propicio un nuevo informe del Grupo Interdisciplinario\u00bb.<\/p>\n\n\n\n<p>Los representante de Ayotzinapa aseguraron que hasta el momento no hay nada que demuestre la posibilidad de que se va a llegar a la verdad.<\/p>\n\n\n\n<p>\u00abQuieren hacernos ver c\u00f3mo cerrados, cuando lo que se reclaman son resultados reales, por eso externamos nuestro repudio total, porque a ocho a\u00f1os no encontramos la verdad respecto al paradero de nuestros compa\u00f1eros\u00bb, reprocharon.<\/p>\n\n\n\n<p>Los normalistas hicieron un llamado a la sociedad, para que exigen la verdad y no se conformen solo con lo que les informa la autoridad.<\/p>\n","protected":false},"excerpt":{"rendered":"<p>&#8212; Reprochan que a m\u00e1s de ocho a\u00f1os, no se haya conseguido llegar a la verdad&#8212; No quedarse con la versi\u00f3n oficial, piden a la ciudadan\u00eda&#8212; Hay razones para desconfiar,&hellip; <\/p>\n","protected":false},"author":21,"featured_media":59491,"comment_status":"open","ping_status":"open","sticky":false,"template":"","format":"standard","meta":{"fifu_image_url":"","fifu_image_alt":"","footnotes":""},"categories":[15],"tags":[],"class_list":["post-59490","post","type-post","status-publish","format-standard","has-post-thumbnail","hentry","category-movimientos-sociales"],"_links":{"self":[{"href":"https:\/\/www.interaccionnoticias.com.mx\/index.php?rest_route=\/wp\/v2\/posts\/59490","targetHints":{"allow":["GET"]}}],"collection":[{"href":"https:\/\/www.interaccionnoticias.com.mx\/index.php?rest_route=\/wp\/v2\/posts"}],"about":[{"href":"https:\/\/www.interaccionnoticias.com.mx\/index.php?rest_route=\/wp\/v2\/types\/post"}],"author":[{"embeddable":true,"href":"https:\/\/www.interaccionnoticias.com.mx\/index.php?rest_route=\/wp\/v2\/users\/21"}],"replies":[{"embeddable":true,"href":"https:\/\/www.interaccionnoticias.com.mx\/index.php?rest_route=%2Fwp%2Fv2%2Fcomments&post=59490"}],"version-history":[{"count":1,"href":"https:\/\/www.interaccionnoticias.com.mx\/index.php?rest_route=\/wp\/v2\/posts\/59490\/revisions"}],"predecessor-version":[{"id":59492,"href":"https:\/\/www.interaccionnoticias.com.mx\/index.php?rest_route=\/wp\/v2\/posts\/59490\/revisions\/59492"}],"wp:featuredmedia":[{"embeddable":true,"href":"https:\/\/www.interaccionnoticias.com.mx\/index.php?rest_route=\/wp\/v2\/media\/59491"}],"wp:attachment":[{"href":"https:\/\/www.interaccionnoticias.com.mx\/index.php?rest_route=%2Fwp%2Fv2%2Fmedia&parent=59490"}],"wp:term":[{"taxonomy":"category","embeddable":true,"href":"https:\/\/www.interaccionnoticias.com.mx\/index.php?rest_route=%2Fwp%2Fv2%2Fcategories&post=59490"},{"taxonomy":"post_tag","embeddable":true,"href":"https:\/\/www.interaccionnoticias.com.mx\/index.php?rest_route=%2Fwp%2Fv2%2Ftags&post=59490"}],"curies":[{"name":"wp","href":"https:\/\/api.w.org\/{rel}","templated":true}]}}