{"id":5949,"date":"2017-06-30T20:50:21","date_gmt":"2017-07-01T01:50:21","guid":{"rendered":"http:\/\/www.inter-accion.com.mx\/?p=5949"},"modified":"2017-06-30T20:50:21","modified_gmt":"2017-07-01T01:50:21","slug":"liberan-a-dos-jovencitas-privadas-de-la-libertad","status":"publish","type":"post","link":"https:\/\/www.interaccionnoticias.com.mx\/?p=5949","title":{"rendered":"Liberan a dos jovencitas privadas de la libertad"},"content":{"rendered":"<p><strong>Tras 24 horas de cautiverio<\/strong><br \/>\nA casi 24 horas de que fueran privadas de la libertad, dos hermanas; una de 17 y otra de 13 a\u00f1os de edad fueron rescatadas, sanas y salvas por elementos de la Polic\u00eda Investigadora Ministerial (PIM).<br \/>\nDe acuerdo con el profesor Pioquinto Dami\u00e1n Huato, ex dirigente de la C\u00e1mara Nacional de Comercio (Canaco) en la capital de Guerrero, un grupo de por lo menos cuatro hombres armados irrumpi\u00f3 la noche del mi\u00e9rcoles 28 de junio, aproximadamente a las 22:30 horas en un lavado de autos de su propiedad para llevarse por la fuerza a las dos menores, hija de la encargada de administrar dicho negocio.<br \/>\nDami\u00e1n Huato, que enfrenta varias amenazas muerte por parte del crimen organizado, los delincuentes debieron creer que las menores eran parte de su familia directa, por&nbsp; lo que hizo un deslinde en diferentes medios de comunicaci\u00f3n y solicit\u00f3 la intervenci\u00f3n de las autoridades.<br \/>\nLa noche del jueves 29, vecinos de la colonia Guerrero reportaron una actividad inusual en la calle prolongaci\u00f3n Leona Vicario, pues por lo menos 30 elementos de la PIM irrumpieron en varias viviendas, utilizando marros para forzar las puertas de acceso.<br \/>\nReportaron la detenci\u00f3n de un jovencito de aproximados 14 a\u00f1os, mismo que al parecer hab\u00eda salido a comprar cena, despu\u00e9s cargaron con sus padres cuando intentaron impedir que lo subieran a una camioneta sin logotipos.<br \/>\nPara la ma\u00f1ana del viernes 30, el dirigente empresarial public\u00f3 en sus redes sociales su agradecimiento hacia el personal de la Polic\u00eda Ministerial del Estado.<br \/>\nDijo que las menores ya estaban en su domicilio, de regreso con su familia y completamente sanas.<br \/>\n&nbsp;<\/p>\n","protected":false},"excerpt":{"rendered":"<p>Tras 24 horas de cautiverio A casi 24 horas de que fueran privadas de la libertad, dos hermanas; una de 17 y otra de 13 a\u00f1os de edad fueron rescatadas,&hellip; <\/p>\n","protected":false},"author":1,"featured_media":0,"comment_status":"closed","ping_status":"closed","sticky":false,"template":"","format":"standard","meta":{"fifu_image_url":"","fifu_image_alt":"","footnotes":""},"categories":[13,8],"tags":[],"class_list":["post-5949","post","type-post","status-publish","format-standard","hentry","category-capital","category-featured"],"_links":{"self":[{"href":"https:\/\/www.interaccionnoticias.com.mx\/index.php?rest_route=\/wp\/v2\/posts\/5949","targetHints":{"allow":["GET"]}}],"collection":[{"href":"https:\/\/www.interaccionnoticias.com.mx\/index.php?rest_route=\/wp\/v2\/posts"}],"about":[{"href":"https:\/\/www.interaccionnoticias.com.mx\/index.php?rest_route=\/wp\/v2\/types\/post"}],"author":[{"embeddable":true,"href":"https:\/\/www.interaccionnoticias.com.mx\/index.php?rest_route=\/wp\/v2\/users\/1"}],"replies":[{"embeddable":true,"href":"https:\/\/www.interaccionnoticias.com.mx\/index.php?rest_route=%2Fwp%2Fv2%2Fcomments&post=5949"}],"version-history":[{"count":0,"href":"https:\/\/www.interaccionnoticias.com.mx\/index.php?rest_route=\/wp\/v2\/posts\/5949\/revisions"}],"wp:attachment":[{"href":"https:\/\/www.interaccionnoticias.com.mx\/index.php?rest_route=%2Fwp%2Fv2%2Fmedia&parent=5949"}],"wp:term":[{"taxonomy":"category","embeddable":true,"href":"https:\/\/www.interaccionnoticias.com.mx\/index.php?rest_route=%2Fwp%2Fv2%2Fcategories&post=5949"},{"taxonomy":"post_tag","embeddable":true,"href":"https:\/\/www.interaccionnoticias.com.mx\/index.php?rest_route=%2Fwp%2Fv2%2Ftags&post=5949"}],"curies":[{"name":"wp","href":"https:\/\/api.w.org\/{rel}","templated":true}]}}