{"id":59484,"date":"2023-03-24T18:28:45","date_gmt":"2023-03-25T00:28:45","guid":{"rendered":"https:\/\/interaccionnoticias.com.mx\/?p=59484"},"modified":"2023-03-24T18:28:50","modified_gmt":"2023-03-25T00:28:50","slug":"guerrero-es-el-hogar-del-sol-y-sus-destinos-turisticos-se-estan-transformando-evelyn-salgado","status":"publish","type":"post","link":"https:\/\/www.interaccionnoticias.com.mx\/?p=59484","title":{"rendered":"\u00ab\u00a1Guerrero es el hogar del sol y sus destinos tur\u00edsticos se est\u00e1n transformando!\u00bb: Evelyn Salgado"},"content":{"rendered":"\n<p><strong><em>&#8212; Anuncia gobernadora que en dos meses estar\u00e1 listo el Parador Gastron\u00f3mico en Chilpancingo<br>&#8212; Listo Guerrero para el Tianguis Tur\u00edstico 2023 y recibir la estafeta para 2024<br>&#8212; Evelyn es una guerrera est\u00e1 sacando su estado adelante, es una joven emprendedora que est\u00e1 haciendo un gran trabajo: Claudia Sheinbaum<\/em><\/strong><\/p>\n\n\n\n<p><strong>Chilpancingo, Gro., 24 de marzo del 2023. &#8211;<\/strong> \u00ab\u00a1Guerrero es el hogar del sol y sus destinos tur\u00edsticos se est\u00e1n transformando!\u00bb, afirm\u00f3 la gobernadora Evelyn Salgado Pineda al participar en el Foro: \u00abLa Ciudad y la Transformaci\u00f3n\u00bb, por invitaci\u00f3n de la Jefa de Gobierno de la Ciudad de M\u00e9xico, Claudia Sheinbaum Pardo, donde se abord\u00f3 el tema de la importancia del turismo como motor de la econom\u00eda.<\/p>\n\n\n\n<p>En el pre\u00e1mbulo de la edici\u00f3n 47 del Tianguis Tur\u00edstico de M\u00e9xico 2023 a celebrarse del 26 al 29 de marzo en la Ciudad de M\u00e9xico donde Guerrero recibir\u00e1 la estafeta para celebrar este magno evento 2024, la gobernadora Evelyn Salgado, dio a conocer que Guerrero impulsa una agenda tur\u00edstica atractiva para todos los visitantes nacionales y extranjeros a sus destinos.<\/p>\n\n\n\n<p>Adem\u00e1s, anunci\u00f3 que en aproximadamente dos meses estar\u00e1 listo el Parador Gastron\u00f3mico en Chilpancingo, para que los miles de visitantes puedan disfrutar de los distintos sabores de la gran diversidad gastron\u00f3mica de Guerrero y sus ocho regiones.<\/p>\n\n\n\n<p>Como parte del panel de este Foro, la mandataria estatal, puntualiz\u00f3 que, \u00abhoy Guerrero, el hogar del sol, brilla con fuerza en Acapulco, Taxco, Zihuatanejo, pero tambi\u00e9n brillan y vibran nuestros destinos de la Costa Chica, con espect\u00e1culos novedosos como la Gala de Pirotecnia de Fin de A\u00f1o\u00bb, adem\u00e1s del desfile de globos inflables, entre otros eventos de turismo religioso, ecoturismo y turismo deportivo, que casa vez se vuelven m\u00e1s atractivos.<\/p>\n\n\n\n<p>\u00abHoy estamos preparados para recibirlos como se merecen. Hoy Guerrero tiene en el turismo una palanca de desarrollo no solamente para las familias de nuestro estado, sino para todo el pa\u00eds que con esta administraci\u00f3n federal ha relanzado a M\u00e9xico hacia el lugar que siempre nos ha pertenecido en el mundo\u00bb, afirm\u00f3 Evelyn Salgado Pineda.<\/p>\n\n\n\n<p>Agreg\u00f3 que gracias al trabajo en conjunto con los diferentes \u00f3rdenes de gobierno y a la gran coordinaci\u00f3n con empresarios y prestadores de servicios tur\u00edsticos, los destinos de Guerrero est\u00e1n m\u00e1s vivos que nunca, pues comparando los indicadores tur\u00edsticos actuales con los del a\u00f1o anterior, e incluso con los del 2019 que fue el a\u00f1o m\u00e1s importante para el turismo, Guerrero ha tenido un avance muy importante.<\/p>\n\n\n\n<p>En el desarrollo de este encuentro de intercambio de ideas, la Jefa de Gobierno, Claudia Sheinbaum reconoci\u00f3 el trabajo desarrollado por la gobernadora Evelyn Salgado Pineda en el tema tur\u00edstico y su hermanamiento entre ciudades.<\/p>\n\n\n\n<p>\u00abEvelyn es una guerrera de Guerrero est\u00e1 sacando su estado adelante, es una joven emprendedora que est\u00e1 haciendo un gran trabajo. En particular recibimos la estafeta del (Tianguis Tur\u00edstico) de Guerrero y ahora la regresamos a Evelyn porque se realizar\u00e1 el siguiente Tianguis en Acapulco, Acapulco, Taxco y otros lugares de Guerrero han sido por excelencia lugares de turismo de quienes vivimos en la ciudad\u00bb, expres\u00f3 la Jefa de Gobierno.<\/p>\n\n\n\n<p>En el evento participaron el presidente de la CONCANACO &#8211; SERVYTUR, H\u00e9ctor Tejada Shaar y el subsecretario de Turismo Federal, Humberto Hern\u00e1ndez Haddad, quienes compartieron sus ponencias y la perspectiva tur\u00edstica de M\u00e9xico.<\/p>\n","protected":false},"excerpt":{"rendered":"<p>&#8212; Anuncia gobernadora que en dos meses estar\u00e1 listo el Parador Gastron\u00f3mico en Chilpancingo&#8212; Listo Guerrero para el Tianguis Tur\u00edstico 2023 y recibir la estafeta para 2024&#8212; Evelyn es una&hellip; <\/p>\n","protected":false},"author":19,"featured_media":59485,"comment_status":"open","ping_status":"open","sticky":false,"template":"","format":"standard","meta":{"fifu_image_url":"","fifu_image_alt":"","footnotes":""},"categories":[11],"tags":[],"class_list":["post-59484","post","type-post","status-publish","format-standard","has-post-thumbnail","hentry","category-guerrero"],"_links":{"self":[{"href":"https:\/\/www.interaccionnoticias.com.mx\/index.php?rest_route=\/wp\/v2\/posts\/59484","targetHints":{"allow":["GET"]}}],"collection":[{"href":"https:\/\/www.interaccionnoticias.com.mx\/index.php?rest_route=\/wp\/v2\/posts"}],"about":[{"href":"https:\/\/www.interaccionnoticias.com.mx\/index.php?rest_route=\/wp\/v2\/types\/post"}],"author":[{"embeddable":true,"href":"https:\/\/www.interaccionnoticias.com.mx\/index.php?rest_route=\/wp\/v2\/users\/19"}],"replies":[{"embeddable":true,"href":"https:\/\/www.interaccionnoticias.com.mx\/index.php?rest_route=%2Fwp%2Fv2%2Fcomments&post=59484"}],"version-history":[{"count":1,"href":"https:\/\/www.interaccionnoticias.com.mx\/index.php?rest_route=\/wp\/v2\/posts\/59484\/revisions"}],"predecessor-version":[{"id":59486,"href":"https:\/\/www.interaccionnoticias.com.mx\/index.php?rest_route=\/wp\/v2\/posts\/59484\/revisions\/59486"}],"wp:featuredmedia":[{"embeddable":true,"href":"https:\/\/www.interaccionnoticias.com.mx\/index.php?rest_route=\/wp\/v2\/media\/59485"}],"wp:attachment":[{"href":"https:\/\/www.interaccionnoticias.com.mx\/index.php?rest_route=%2Fwp%2Fv2%2Fmedia&parent=59484"}],"wp:term":[{"taxonomy":"category","embeddable":true,"href":"https:\/\/www.interaccionnoticias.com.mx\/index.php?rest_route=%2Fwp%2Fv2%2Fcategories&post=59484"},{"taxonomy":"post_tag","embeddable":true,"href":"https:\/\/www.interaccionnoticias.com.mx\/index.php?rest_route=%2Fwp%2Fv2%2Ftags&post=59484"}],"curies":[{"name":"wp","href":"https:\/\/api.w.org\/{rel}","templated":true}]}}