{"id":59454,"date":"2023-03-24T17:50:33","date_gmt":"2023-03-24T23:50:33","guid":{"rendered":"https:\/\/interaccionnoticias.com.mx\/?p=59454"},"modified":"2023-03-24T17:50:39","modified_gmt":"2023-03-24T23:50:39","slug":"comunitaria-y-tlayakanky-de-xalpatlahuac-justifican-la-expulsion-de-policias-y-militares","status":"publish","type":"post","link":"https:\/\/www.interaccionnoticias.com.mx\/?p=59454","title":{"rendered":"Comunitaria y Tlayakanky de Xalpatlahuac justifican la expulsi\u00f3n de polic\u00edas y militares"},"content":{"rendered":"\n<p><strong><em>&#8212; Humillaron la oficina del Tlayakanky, \u201cque es m\u00e1s importante que la del alcalde\u201d en ese municipio, aseguran<br>&#8212; Denuncian que se vulneraron las instalaciones del Ayuntamiento y el auditorio municipal<br>&#8212; Las mujeres trataron de evitar un enfrentamiento, pero fueron golpeadas y amenazas, insisten<\/em><\/strong><\/p>\n\n\n\n<p><strong>Rogelio Agust\u00edn<\/strong><\/p>\n\n\n\n<p>Representantes del Tlayakanky y de la Polic\u00eda Comunitaria de Xalpatlahuac justificaron la expulsi\u00f3n a pedradas de la Polic\u00eda del Estado, elementos del Ej\u00e9rcito Mexicano y de la Guardia Nacional, al se\u00f1alar que durante su permanencia en la localidad amedrentaron a la poblaci\u00f3n, irrumpieron en oficinas, golpearon a mujeres, incluso intentaron llevarse a un menor de edad.<\/p>\n\n\n\n<p>Nicol\u00e1s Villarreal Dircio, sobre quien recae el nombramiento de Tlayakanky, se\u00f1al\u00f3 que en ese municipio, dicha figura \u201cest\u00e1 por encima de la presidencia municipal, porque es nombrada directamente en la asamblea del pueblo\u201d.<\/p>\n\n\n\n<p>Explic\u00f3 que el significado de Tlakanky es el de \u201cHombre que guia su pueblo\u201d, por lo que ante la irrupci\u00f3n de las corporaciones del Estado y la Federaci\u00f3n, ten\u00eda que reaccionar de manera adecuada.<\/p>\n\n\n\n<p>Explic\u00f3 que el jueves 23 de marzo, ninguna autoridad les avis\u00f3 que al lugar ingresar\u00edan personal de la Polic\u00eda, Guardia Nacional y en menor medida del Ej\u00e9rcito Mexicano,<\/p>\n\n\n\n<p>Sin embargo, desde las 06:00 horas del jueves, las fuerzas policiacas y militares llegaron a la comunidad y tomaron la oficina del Tlayakanky, lo que fue visto como un agravio.<\/p>\n\n\n\n<p>\u201cEllos humillaron al pueblo, por eso la gente se molest\u00f3; el Tlayakanky es m\u00e1s, est\u00e1 antes que el presidente municipal, as\u00ed nos hemos regido desde hace varios a\u00f1os\u201d, dijo Villarreal Dircio, en una transmisi\u00f3n hecha a trav\u00e9s de la p\u00e1gina del Centro de Derechos Humanos de la Monta\u00f1a, Tlachinollan.<\/p>\n\n\n\n<p>Indic\u00f3 que cuando se despert\u00f3, se percat\u00f3 de que afuera de su casa estaban ubicadas cuatro patrullas de la Polic\u00eda del Estado, \u201cmedia hora despu\u00e9s, me dicen de Gobernacion que tenian que hablar conmigo\u201d.<\/p>\n\n\n\n<p>Sin precisar si se refiere a Gobernaci\u00f3n Municipal o del Estado, el Tlayakanky refiere: \u201cLes dije que hablar\u00edamos despu\u00e9s del almuerzo, porque yo no soy funcionario como para atenderlos de madrugada y aceptaron que nos vi\u00e9ramos a las 11 del d\u00eda\u201d.<\/p>\n\n\n\n<p>Luego complement\u00f3: \u201cOscar Ch\u00e1vez (subsecretario de Asuntos Pol\u00edticos del Gobierno del Estado) me dijo que no bajara\u201d.<\/p>\n\n\n\n<p>Para entonces, refiri\u00f3 que ya se hab\u00eda vandalizado las oficinas del Ayuntamiento y del Tlayakanky, adem\u00e1s del Auditorio Municipal.<\/p>\n\n\n\n<p>Respecto a la detenci\u00f3n del director del DIF Municipal, Jorge Pardo, neg\u00f3 que se le haya detenido por repartir despensas entre personas de bajos recursos, lo que pas\u00f3, de acuerdo con el representante comunal, es que al verlos, varias personas que lo acusan de haberlos defraudado aprovecharon para solicitar que se procediera en su contra.<\/p>\n\n\n\n<p>\u201cHay un se\u00f1or al que le ofreci\u00f3 actializar su acta de nacimiento a cambio de 3 mil 500 pesos, acept\u00f3 el dinero pero nunca hizo nada, en otro caso lo se\u00f1alan de ofrecer el arreglo de un acta de defunci\u00f3n y la cosa est\u00e1 igual\u201d, apunt\u00f3.<\/p>\n\n\n\n<p>Pese a los se\u00f1alamientos, el funcionario fue liberado la noche del miercoles en Tlapa, al ser cuestionado por un mando de la Polic\u00eda del Estado, dijo que no hab\u00eda sido golpeado ni objeto de malos tratos.<\/p>\n\n\n\n<p>Respcto a la forma en que se procedi\u00f3 la tarde del jueves, dijo que tambi\u00e9n se reportaron casas cateadas, por eso s que se convoc\u00f3 a una asambla, se expuso lo sucedido y se procedi\u00f3 a la expulsi\u00f3n de las corporaciones.<\/p>\n\n\n\n<p>Indicaron que hay malestar entre las familias de la cabecera municipal, pues las actividades en las escuelas se suspendieron, porque los maestros temieron que se generaran enfrentamientos y que los alumnos se quedaran en medio.<\/p>\n\n\n\n<p>La se\u00f1ora Juan Mart\u00ednez Ruiz, dijo que ella fue objeto de empujones y de golpes, adem\u00e1s de que los polic\u00edas intentaron llevarse a su hijo de 14 a\u00f1os.<\/p>\n\n\n\n<p>\u201cYo me aferr\u00e9 a mi hijo para evitar que se lo llevaran, el est\u00e1 muy lastimado, al ver que no lo consegu\u00edan, nos dijeron que cuando nos vean en Tlapa nos van a detener\u201d, asegur\u00f3.<\/p>\n\n\n\n<p>Guadalupe Vela, es otra de las mujeres que explica la raz\u00f3n por la que se colocaron al frente del contingente que expuls\u00f3 a los polic\u00edas y militares: \u201cNos colocamos al frente para evitar que hubiera un enfrentamiento, pero los estatales comenzaron a cortar cartucho y nos amenazaron, por eso los se\u00f1ores nos defendieron\u201d.<\/p>\n\n\n\n<p>El Tlayakanky sostuvo que en Xalpatlahuac est\u00e1n dispuestos a dialogar, pero hacen responsable de lo que suceda a la alcaldesa Selene Sotelo Maldonado, porque sostiene que ella ha optado por buscar una salida con el uso de la fuerza publica, como parec\u00eda ocurrir el pasado jueves.<\/p>\n","protected":false},"excerpt":{"rendered":"<p>&#8212; Humillaron la oficina del Tlayakanky, \u201cque es m\u00e1s importante que la del alcalde\u201d en ese municipio, aseguran&#8212; Denuncian que se vulneraron las instalaciones del Ayuntamiento y el auditorio municipal&#8212;&hellip; <\/p>\n","protected":false},"author":21,"featured_media":59455,"comment_status":"open","ping_status":"open","sticky":false,"template":"","format":"standard","meta":{"fifu_image_url":"","fifu_image_alt":"","footnotes":""},"categories":[23],"tags":[],"class_list":["post-59454","post","type-post","status-publish","format-standard","has-post-thumbnail","hentry","category-regionales"],"_links":{"self":[{"href":"https:\/\/www.interaccionnoticias.com.mx\/index.php?rest_route=\/wp\/v2\/posts\/59454","targetHints":{"allow":["GET"]}}],"collection":[{"href":"https:\/\/www.interaccionnoticias.com.mx\/index.php?rest_route=\/wp\/v2\/posts"}],"about":[{"href":"https:\/\/www.interaccionnoticias.com.mx\/index.php?rest_route=\/wp\/v2\/types\/post"}],"author":[{"embeddable":true,"href":"https:\/\/www.interaccionnoticias.com.mx\/index.php?rest_route=\/wp\/v2\/users\/21"}],"replies":[{"embeddable":true,"href":"https:\/\/www.interaccionnoticias.com.mx\/index.php?rest_route=%2Fwp%2Fv2%2Fcomments&post=59454"}],"version-history":[{"count":1,"href":"https:\/\/www.interaccionnoticias.com.mx\/index.php?rest_route=\/wp\/v2\/posts\/59454\/revisions"}],"predecessor-version":[{"id":59456,"href":"https:\/\/www.interaccionnoticias.com.mx\/index.php?rest_route=\/wp\/v2\/posts\/59454\/revisions\/59456"}],"wp:featuredmedia":[{"embeddable":true,"href":"https:\/\/www.interaccionnoticias.com.mx\/index.php?rest_route=\/wp\/v2\/media\/59455"}],"wp:attachment":[{"href":"https:\/\/www.interaccionnoticias.com.mx\/index.php?rest_route=%2Fwp%2Fv2%2Fmedia&parent=59454"}],"wp:term":[{"taxonomy":"category","embeddable":true,"href":"https:\/\/www.interaccionnoticias.com.mx\/index.php?rest_route=%2Fwp%2Fv2%2Fcategories&post=59454"},{"taxonomy":"post_tag","embeddable":true,"href":"https:\/\/www.interaccionnoticias.com.mx\/index.php?rest_route=%2Fwp%2Fv2%2Ftags&post=59454"}],"curies":[{"name":"wp","href":"https:\/\/api.w.org\/{rel}","templated":true}]}}