{"id":59431,"date":"2023-03-24T11:58:03","date_gmt":"2023-03-24T17:58:03","guid":{"rendered":"https:\/\/interaccionnoticias.com.mx\/?p=59431"},"modified":"2023-03-24T11:58:08","modified_gmt":"2023-03-24T17:58:08","slug":"diana-costilla-exigio-a-la-fiscalia-del-estado-esclarecer-el-atentado-del-que-fue-victima-y-los-asesinatos-en-su-municipio","status":"publish","type":"post","link":"https:\/\/www.interaccionnoticias.com.mx\/?p=59431","title":{"rendered":"Diana Costilla exigi\u00f3 a la Fiscal\u00eda del Estado esclarecer el atentado del que fue v\u00edctima y los asesinatos en su municipio"},"content":{"rendered":"\n<p><strong><em>&#8212; Acus\u00f3 que vive violencia pol\u00edtica en raz\u00f3n de g\u00e9nero<\/em><\/strong><\/p>\n\n\n\n<p><strong>Yasm\u00edn Garc\u00eda Chino<\/strong><\/p>\n\n\n\n<p><strong>Chilpancingo, Gro., a 24 de marzo 2023.-<\/strong> La alcaldesa de Juan R. Escudero Diana Carolina Costilla Villanueva acus\u00f3 que vive violencia pol\u00edtica en raz\u00f3n de g\u00e9nero por personas que pretenden llegar al poder por medio de amenazas de muerte y descalificaciones.<\/p>\n\n\n\n<p>Exigi\u00f3 a la Fiscal\u00eda General del Estado esclarecer el atentado que sufri\u00f3 el pasado 9 de diciembre del 2022, as\u00ed como las dem\u00e1s carpetas de investigaci\u00f3n de asesinatos y desapariciones de personas en su municipio.<\/p>\n\n\n\n<p>El 12 de marzo el jefe de escoltas de la presidenta municipal sufri\u00f3 un ataque armado en su domicilio en donde result\u00f3 ileso, la alcaldesa en reiteradas ocasiones ha pedido al presidente de M\u00e9xico Andr\u00e9s Manuel L\u00f3pez Obrador y a la gobernadora del estado Evelyn Salgado Pineda reforzar la seguridad, as\u00ed como instalar mesas de trabajo de seguridad en coordinaci\u00f3n con Ej\u00e9rcito Mexicano, Guardia Nacional y Fiscal\u00eda.<\/p>\n\n\n\n<p>Hasta la fecha la gobernadora no ha establecido alguna mesa de coordinaci\u00f3n en torno al tema con la alcaldesa.<\/p>\n\n\n\n<p>Como primer respondiente la primera edil di\u00f3 a conocer que ha invertido en c\u00e1maras de videovigilancia, patrullas, motocicletas y ha hecho requerimiento de armamento a las dependencias correspondientes.<\/p>\n\n\n\n<p>Exhort\u00f3 a la fiscal general del estado Sandra Luz Valdovinos Salmer\u00f3n, resolver las carpetas de investigaci\u00f3n.<\/p>\n\n\n\n<p>\u00abQue le entre a Juan R. Escudero estoy puesta para coadyuvar en lo que sea necesario, necesitamos esclarecer los temas de seguridad y los resultados, all\u00e1 en el pueblo me preguntan cuando va a haber justicia, cuando se va dar el esclarecimeitno de los hechos\u00bb, dijo.<\/p>\n\n\n\n<p>En la cabecera municipal Tierra Colorada existen algunos elementos de la Guardia Nacional que se dedican a realizar rondines&nbsp;de&nbsp;seguridad.<\/p>\n","protected":false},"excerpt":{"rendered":"<p>&#8212; Acus\u00f3 que vive violencia pol\u00edtica en raz\u00f3n de g\u00e9nero Yasm\u00edn Garc\u00eda Chino Chilpancingo, Gro., a 24 de marzo 2023.- La alcaldesa de Juan R. Escudero Diana Carolina Costilla Villanueva&hellip; <\/p>\n","protected":false},"author":32,"featured_media":59432,"comment_status":"open","ping_status":"open","sticky":false,"template":"","format":"standard","meta":{"fifu_image_url":"","fifu_image_alt":"","footnotes":""},"categories":[21],"tags":[],"class_list":["post-59431","post","type-post","status-publish","format-standard","has-post-thumbnail","hentry","category-politica"],"_links":{"self":[{"href":"https:\/\/www.interaccionnoticias.com.mx\/index.php?rest_route=\/wp\/v2\/posts\/59431","targetHints":{"allow":["GET"]}}],"collection":[{"href":"https:\/\/www.interaccionnoticias.com.mx\/index.php?rest_route=\/wp\/v2\/posts"}],"about":[{"href":"https:\/\/www.interaccionnoticias.com.mx\/index.php?rest_route=\/wp\/v2\/types\/post"}],"author":[{"embeddable":true,"href":"https:\/\/www.interaccionnoticias.com.mx\/index.php?rest_route=\/wp\/v2\/users\/32"}],"replies":[{"embeddable":true,"href":"https:\/\/www.interaccionnoticias.com.mx\/index.php?rest_route=%2Fwp%2Fv2%2Fcomments&post=59431"}],"version-history":[{"count":1,"href":"https:\/\/www.interaccionnoticias.com.mx\/index.php?rest_route=\/wp\/v2\/posts\/59431\/revisions"}],"predecessor-version":[{"id":59433,"href":"https:\/\/www.interaccionnoticias.com.mx\/index.php?rest_route=\/wp\/v2\/posts\/59431\/revisions\/59433"}],"wp:featuredmedia":[{"embeddable":true,"href":"https:\/\/www.interaccionnoticias.com.mx\/index.php?rest_route=\/wp\/v2\/media\/59432"}],"wp:attachment":[{"href":"https:\/\/www.interaccionnoticias.com.mx\/index.php?rest_route=%2Fwp%2Fv2%2Fmedia&parent=59431"}],"wp:term":[{"taxonomy":"category","embeddable":true,"href":"https:\/\/www.interaccionnoticias.com.mx\/index.php?rest_route=%2Fwp%2Fv2%2Fcategories&post=59431"},{"taxonomy":"post_tag","embeddable":true,"href":"https:\/\/www.interaccionnoticias.com.mx\/index.php?rest_route=%2Fwp%2Fv2%2Ftags&post=59431"}],"curies":[{"name":"wp","href":"https:\/\/api.w.org\/{rel}","templated":true}]}}