{"id":5942,"date":"2017-06-30T16:19:23","date_gmt":"2017-06-30T21:19:23","guid":{"rendered":"http:\/\/www.inter-accion.com.mx\/?p=5942"},"modified":"2017-06-30T16:19:23","modified_gmt":"2017-06-30T21:19:23","slug":"matan-hombre-dentro-del-mercado-de-chilpancingo","status":"publish","type":"post","link":"https:\/\/www.interaccionnoticias.com.mx\/?p=5942","title":{"rendered":"Matan a un hombre en el mercado central de Chilpancingo"},"content":{"rendered":"<p><b>Suman 33 muertos durante el mes de junio en la capital de Guerrero<\/b><br \/>\n<strong>La capital de Guerrero cierra junio con 33 asesinatos<\/strong><br \/>\nUn hombre fue asesinado en la parte alta de la nave 5 del mercado central Baltazar R. Leyva Mancilla, los responsables fueron un grupo de civiles que lograron darse a la fuga sin complicaciones.<br \/>\nDe acuerdo con testigos, los hechos se registraron alrededor de las 15:00 horas en la principal central de abastos de la capital de Guerrero, en el punto conocido como \u201cEl Tianguis\u201d, donde un comerciante fue abatido a tiros a a\u00fan costado de un local comercial.<br \/>\nA pesar de las llamadas al servicio de emergencias 911, los param\u00e9dicos tardaron m\u00e1s de 30 minutos en arribar al lugar, tiempo suficiente para que la v\u00edctima perdiera la vida.<br \/>\nLos elementos de las corporaciones polic\u00edacas que acudieron al Tianguis no acordonaron la zona, por lo que familiares y curiosos que se encontraban en el lugar pisaron algunos de los casquillos percutidos, con lo que se contamin\u00f3 la escena de crimen.<br \/>\nCon &nbsp;este asesinato, Chilpancingo cierra junio con 33 muertes violentas, lo que representa un muerto por cada d\u00eda del mes.<br \/>\nAdem\u00e1s, el mercado Baltazar R. Leyva Mancilla qued\u00f3 ubicado como uno de los lugares en los que m\u00e1s balaceras &nbsp;y asesinatos se registran, a plena luz del d\u00eda.<br \/>\nLas zonas de mayor incidencia criminal de dicha centra de abastos son el \u00e1rea de carnes y en la nave 5, en donde oper\u00f3 la primer central de autobuses de la ciudad.<br \/>\nA pesar de los constantes ataques que se tienen en este &nbsp;punto de la ciudad, &nbsp;los operativos polic\u00edacos no han dado resultados, ya que testigos del asesinato cometido el viernes, sostiene que al momento del ataque no hab\u00eda ning\u00fan oficial que impidiera la actuaci\u00f3n de los agresores, mucho menos que los interceptara cuando se daban a la fuga.<\/p>\n","protected":false},"excerpt":{"rendered":"<p>Suman 33 muertos durante el mes de junio en la capital de Guerrero La capital de Guerrero cierra junio con 33 asesinatos Un hombre fue asesinado en la parte alta&hellip; <\/p>\n","protected":false},"author":1,"featured_media":0,"comment_status":"closed","ping_status":"closed","sticky":false,"template":"","format":"standard","meta":{"fifu_image_url":"","fifu_image_alt":"","footnotes":""},"categories":[8,27],"tags":[],"class_list":["post-5942","post","type-post","status-publish","format-standard","hentry","category-featured","category-seguridad-publica"],"_links":{"self":[{"href":"https:\/\/www.interaccionnoticias.com.mx\/index.php?rest_route=\/wp\/v2\/posts\/5942","targetHints":{"allow":["GET"]}}],"collection":[{"href":"https:\/\/www.interaccionnoticias.com.mx\/index.php?rest_route=\/wp\/v2\/posts"}],"about":[{"href":"https:\/\/www.interaccionnoticias.com.mx\/index.php?rest_route=\/wp\/v2\/types\/post"}],"author":[{"embeddable":true,"href":"https:\/\/www.interaccionnoticias.com.mx\/index.php?rest_route=\/wp\/v2\/users\/1"}],"replies":[{"embeddable":true,"href":"https:\/\/www.interaccionnoticias.com.mx\/index.php?rest_route=%2Fwp%2Fv2%2Fcomments&post=5942"}],"version-history":[{"count":0,"href":"https:\/\/www.interaccionnoticias.com.mx\/index.php?rest_route=\/wp\/v2\/posts\/5942\/revisions"}],"wp:attachment":[{"href":"https:\/\/www.interaccionnoticias.com.mx\/index.php?rest_route=%2Fwp%2Fv2%2Fmedia&parent=5942"}],"wp:term":[{"taxonomy":"category","embeddable":true,"href":"https:\/\/www.interaccionnoticias.com.mx\/index.php?rest_route=%2Fwp%2Fv2%2Fcategories&post=5942"},{"taxonomy":"post_tag","embeddable":true,"href":"https:\/\/www.interaccionnoticias.com.mx\/index.php?rest_route=%2Fwp%2Fv2%2Ftags&post=5942"}],"curies":[{"name":"wp","href":"https:\/\/api.w.org\/{rel}","templated":true}]}}