{"id":59401,"date":"2023-03-23T19:39:51","date_gmt":"2023-03-24T01:39:51","guid":{"rendered":"https:\/\/interaccionnoticias.com.mx\/?p=59401"},"modified":"2023-03-23T19:39:56","modified_gmt":"2023-03-24T01:39:56","slug":"deudores-alimentarios-deben-cumplir-con-la-pension-de-sus-hijos-rafa-navarrete","status":"publish","type":"post","link":"https:\/\/www.interaccionnoticias.com.mx\/?p=59401","title":{"rendered":"DEUDORES ALIMENTARIOS DEBEN CUMPLIR CON LA PENSI\u00d3N DE SUS HIJOS: RAFA NAVARRETE"},"content":{"rendered":"\n<p><strong><em>&#8212; Celebra RNQ creaci\u00f3n del Registro Nacional de Deudores Alimentarios<br>&#8212; Rafael Navarrete impulsor del registro donde ser\u00e1n inscritos deudores morozos alimentarios en Guerrero<\/em><\/strong><\/p>\n\n\n\n<p><strong>CHILPANCINGO, GRO. MARZO 23 DEL 2023.<\/strong> El diputado Rafael Navarrete Quezada celebr\u00f3 que en el Senado de la Rep\u00fablica se haya aprobado la creaci\u00f3n del Registro Nacional de Obligaciones Alimentarias, luego de que en Guerrero fuera aprobada la iniciativa para crear el Registro Estatal de Deudores Alimentarios Morosos promovida por el legislador costachiquense y la fracci\u00f3n pri\u00edsta en el estado.<\/p>\n\n\n\n<p>Navarrete Quezada se\u00f1al\u00f3 que los padres deudores alimentarios deben cumplir con la pensi\u00f3n para sus hijos de manera puntual que es lo que #ElPuebloManda, ponderando el derecho alimentario de la ni\u00f1ez guerrerense con la creaci\u00f3n del Registro Nacional de Obligaciones Alimentarias y el Registro Estatal de Deudores Alimentarios Morosos en Guerrero.<\/p>\n\n\n\n<p>Adem\u00e1s refiri\u00f3 que en este tema en #Guerrero se hizo lo propio al aprobar por unanimidad una serie de modificaciones a la ley para la creaci\u00f3n de este registro que contempla una serie de restricciones importantes para quienes se encuentren en este padr\u00f3n, como el no participar en un proceso&nbsp;electoral.<\/p>\n","protected":false},"excerpt":{"rendered":"<p>&#8212; Celebra RNQ creaci\u00f3n del Registro Nacional de Deudores Alimentarios&#8212; Rafael Navarrete impulsor del registro donde ser\u00e1n inscritos deudores morozos alimentarios en Guerrero CHILPANCINGO, GRO. MARZO 23 DEL 2023. El&hellip; <\/p>\n","protected":false},"author":19,"featured_media":59402,"comment_status":"open","ping_status":"open","sticky":false,"template":"","format":"standard","meta":{"fifu_image_url":"","fifu_image_alt":"","footnotes":""},"categories":[2],"tags":[],"class_list":["post-59401","post","type-post","status-publish","format-standard","has-post-thumbnail","hentry","category-congreso"],"_links":{"self":[{"href":"https:\/\/www.interaccionnoticias.com.mx\/index.php?rest_route=\/wp\/v2\/posts\/59401","targetHints":{"allow":["GET"]}}],"collection":[{"href":"https:\/\/www.interaccionnoticias.com.mx\/index.php?rest_route=\/wp\/v2\/posts"}],"about":[{"href":"https:\/\/www.interaccionnoticias.com.mx\/index.php?rest_route=\/wp\/v2\/types\/post"}],"author":[{"embeddable":true,"href":"https:\/\/www.interaccionnoticias.com.mx\/index.php?rest_route=\/wp\/v2\/users\/19"}],"replies":[{"embeddable":true,"href":"https:\/\/www.interaccionnoticias.com.mx\/index.php?rest_route=%2Fwp%2Fv2%2Fcomments&post=59401"}],"version-history":[{"count":1,"href":"https:\/\/www.interaccionnoticias.com.mx\/index.php?rest_route=\/wp\/v2\/posts\/59401\/revisions"}],"predecessor-version":[{"id":59403,"href":"https:\/\/www.interaccionnoticias.com.mx\/index.php?rest_route=\/wp\/v2\/posts\/59401\/revisions\/59403"}],"wp:featuredmedia":[{"embeddable":true,"href":"https:\/\/www.interaccionnoticias.com.mx\/index.php?rest_route=\/wp\/v2\/media\/59402"}],"wp:attachment":[{"href":"https:\/\/www.interaccionnoticias.com.mx\/index.php?rest_route=%2Fwp%2Fv2%2Fmedia&parent=59401"}],"wp:term":[{"taxonomy":"category","embeddable":true,"href":"https:\/\/www.interaccionnoticias.com.mx\/index.php?rest_route=%2Fwp%2Fv2%2Fcategories&post=59401"},{"taxonomy":"post_tag","embeddable":true,"href":"https:\/\/www.interaccionnoticias.com.mx\/index.php?rest_route=%2Fwp%2Fv2%2Ftags&post=59401"}],"curies":[{"name":"wp","href":"https:\/\/api.w.org\/{rel}","templated":true}]}}