{"id":59393,"date":"2023-03-23T19:19:44","date_gmt":"2023-03-24T01:19:44","guid":{"rendered":"https:\/\/interaccionnoticias.com.mx\/?p=59393"},"modified":"2023-03-23T19:19:49","modified_gmt":"2023-03-24T01:19:49","slug":"priistas-conmemoran-el-29-aniversario-luctuoso-de-luis-donaldo-colosio","status":"publish","type":"post","link":"https:\/\/www.interaccionnoticias.com.mx\/?p=59393","title":{"rendered":"Priistas conmemoran el 29 aniversario luctuoso de Luis Donaldo Colosio"},"content":{"rendered":"\n<p><em><strong>&#8212; No asisti\u00f3 el ex gobernador H\u00e9ctor Astudillo Flores<\/strong><\/em><\/p>\n\n\n\n<p><strong>Yasm\u00edn Garc\u00eda Chino<\/strong><\/p>\n\n\n\n<p><strong>Chilpancingo, Gro., a 23 de marzo 2023.-<\/strong> El Comit\u00e9 Directivo Estatal del PRI conmemor\u00f3 el 29 aniversario luctuoso de Luis Donaldo Colosio Murrieta ex candidato a presidente de la Rep\u00fablica asesinado en 1994, durante un mitin pol\u00edtico.<\/p>\n\n\n\n<p>Sin la presencia del ex gobernador de Guerrero H\u00e9ctor Astudillo Flores, integrantes del comit\u00e9 estatal, as\u00ed como diputados, presidentes municipales, regidores, y ex funcionarios p\u00fablicos, montaron una guardia de honor y colocaron una ofrenda floral en el monumento a Luis Donaldo Colosio, ubicado en el parque Margarita Maza de Ju\u00e1rez.<\/p>\n\n\n\n<p>La alcaldesa de Juan R. Escudero, Diana Costilla Carolina Villanueva fue la encargada de dar lectura al mensaje por el 29 aniversario, se\u00f1al\u00f3 que a\u00fan existe el reclamo de justicia por parte del Partido Revolucionario Institucional (PRI).<\/p>\n\n\n\n<p>Recalc\u00f3 que Luis Donaldo Colosio no hubiera permitido los excesos al interior del partido que los llev\u00f3 a alejar a la militancia y ciudadan\u00eda, por lo que los invit\u00f3 a realizar una autocr\u00edtica, en base a la obra y legado de Colosio.<\/p>\n\n\n\n<p>\u201cHay voces que dicen que la bala que termin\u00f3 con la vida de Colosio termin\u00f3 tambi\u00e9n con la militancia pero hay algunas voces m\u00e1s importantes que dec\u00edan que con su proyecto pudo ser el mejor presidente de M\u00e9xico\u201d, asever\u00f3.<\/p>\n\n\n\n<p>Diana Costilla calific\u00f3 como una pr\u00e1ctica de demagogia a quienes apuestan por la desaparici\u00f3n del PRI.<\/p>\n\n\n\n<p>Al aniversario luctuoso asisti\u00f3 el presidente estatal del PRI, Alejandro Bravo Abarca, la secretaria general, Pilar Badillo, el ex candidato a gobernador Mario Moreno Arcos, el coordinador de la bancada del PRI en el congreso, H\u00e9ctor Apreza Patr\u00f3n, entre otros militantes&nbsp;de&nbsp;partido.<\/p>\n","protected":false},"excerpt":{"rendered":"<p>&#8212; No asisti\u00f3 el ex gobernador H\u00e9ctor Astudillo Flores Yasm\u00edn Garc\u00eda Chino Chilpancingo, Gro., a 23 de marzo 2023.- El Comit\u00e9 Directivo Estatal del PRI conmemor\u00f3 el 29 aniversario luctuoso&hellip; <\/p>\n","protected":false},"author":32,"featured_media":59394,"comment_status":"open","ping_status":"open","sticky":false,"template":"","format":"standard","meta":{"fifu_image_url":"","fifu_image_alt":"","footnotes":""},"categories":[21],"tags":[],"class_list":["post-59393","post","type-post","status-publish","format-standard","has-post-thumbnail","hentry","category-politica"],"_links":{"self":[{"href":"https:\/\/www.interaccionnoticias.com.mx\/index.php?rest_route=\/wp\/v2\/posts\/59393","targetHints":{"allow":["GET"]}}],"collection":[{"href":"https:\/\/www.interaccionnoticias.com.mx\/index.php?rest_route=\/wp\/v2\/posts"}],"about":[{"href":"https:\/\/www.interaccionnoticias.com.mx\/index.php?rest_route=\/wp\/v2\/types\/post"}],"author":[{"embeddable":true,"href":"https:\/\/www.interaccionnoticias.com.mx\/index.php?rest_route=\/wp\/v2\/users\/32"}],"replies":[{"embeddable":true,"href":"https:\/\/www.interaccionnoticias.com.mx\/index.php?rest_route=%2Fwp%2Fv2%2Fcomments&post=59393"}],"version-history":[{"count":1,"href":"https:\/\/www.interaccionnoticias.com.mx\/index.php?rest_route=\/wp\/v2\/posts\/59393\/revisions"}],"predecessor-version":[{"id":59395,"href":"https:\/\/www.interaccionnoticias.com.mx\/index.php?rest_route=\/wp\/v2\/posts\/59393\/revisions\/59395"}],"wp:featuredmedia":[{"embeddable":true,"href":"https:\/\/www.interaccionnoticias.com.mx\/index.php?rest_route=\/wp\/v2\/media\/59394"}],"wp:attachment":[{"href":"https:\/\/www.interaccionnoticias.com.mx\/index.php?rest_route=%2Fwp%2Fv2%2Fmedia&parent=59393"}],"wp:term":[{"taxonomy":"category","embeddable":true,"href":"https:\/\/www.interaccionnoticias.com.mx\/index.php?rest_route=%2Fwp%2Fv2%2Fcategories&post=59393"},{"taxonomy":"post_tag","embeddable":true,"href":"https:\/\/www.interaccionnoticias.com.mx\/index.php?rest_route=%2Fwp%2Fv2%2Ftags&post=59393"}],"curies":[{"name":"wp","href":"https:\/\/api.w.org\/{rel}","templated":true}]}}