{"id":59283,"date":"2023-03-22T14:18:39","date_gmt":"2023-03-22T20:18:39","guid":{"rendered":"https:\/\/interaccionnoticias.com.mx\/?p=59283"},"modified":"2023-03-22T14:18:44","modified_gmt":"2023-03-22T20:18:44","slug":"casi-tres-meses-de-la-desaparicion-de-alan-garcia-aguilar-creador-de-la-pagina-escenario-calentano","status":"publish","type":"post","link":"https:\/\/www.interaccionnoticias.com.mx\/?p=59283","title":{"rendered":"Casi tres meses de la desaparici\u00f3n de Alan Garc\u00eda Aguilar, creador de la p\u00e1gina Escenario Calentano"},"content":{"rendered":"\n<p><strong><em>&#8212; Su familia ha optado por guardar silencio, ante el miedo<\/em><\/strong><\/p>\n\n\n\n<p><strong>Jes\u00fas Dorantes<\/strong><\/p>\n\n\n\n<p><strong>Chilpancingo, Gro.-<\/strong> El pr\u00f3ximo 25 de marzo se cumplir\u00e1n tres meses de la desaparici\u00f3n de Alan Garc\u00eda Aguilar, creador de la p\u00e1gina \u201cEscenario Calentano\u201d, quien fue privado de libertad junto con tres personas m\u00e1s, entre ellos el reportero Jes\u00fas Pintor Alegre y el director de Comunicaci\u00f3n Social de Arcelia, Fernando Moreno Villanueva.<\/p>\n\n\n\n<p>Tres d\u00edas antes de que se cumplan los tres meses de privaci\u00f3n de la libertad, y de que fuera exhibido en un video en su propia p\u00e1gina, d\u00f3nde aparec\u00eda en compa\u00f1\u00eda de Fernando Moreno, ambos atados de manos y confesando que fueron capturados por exhibir a presuntos integrantes de La Familia Michoacana (FM).<\/p>\n\n\n\n<p>La diputada federal por Morena, Rosario Merl\u00edn Garc\u00eda, t\u00eda del creador de contenido en redes sociales, confirm\u00f3 que no existe ning\u00fan avance en las investigaciones, debido a que por temor no se ha interpuesto ninguna denuncia ante la Fiscal\u00eda General del Estado (FGE).<\/p>\n\n\n\n<p>La familia de Alan solicit\u00f3 a la representante popular que no interceda ante las autoridades, ya que si bien no existen amenazas, temen por la integridad de su familia.<\/p>\n\n\n\n<p>El pasado 12 de enero, se confirm\u00f3 durante la madrugada la localizaci\u00f3n de Jes\u00fas Pintor y Fernando Moreno, mientras que el 23 de enero, Jos\u00e9 Alberto Ben\u00edtez trabajador de comunicaci\u00f3n social del municipio de Arcelia tambi\u00e9n fue liberado.<\/p>\n\n\n\n<p>Todos aseguraron que las personas que los retuvieron confirmaron que no ten\u00edan nada que ver con Escenario Calentano, por lo que fueron liberados, pero Alan Garc\u00eda fue el \u00fanico se\u00f1alado de ser el creador, hasta la fecha permanece como desaparecido.<\/p>\n","protected":false},"excerpt":{"rendered":"<p>&#8212; Su familia ha optado por guardar silencio, ante el miedo Jes\u00fas Dorantes Chilpancingo, Gro.- El pr\u00f3ximo 25 de marzo se cumplir\u00e1n tres meses de la desaparici\u00f3n de Alan Garc\u00eda&hellip; <\/p>\n","protected":false},"author":8,"featured_media":59284,"comment_status":"open","ping_status":"open","sticky":false,"template":"","format":"standard","meta":{"fifu_image_url":"","fifu_image_alt":"","footnotes":""},"categories":[29],"tags":[],"class_list":["post-59283","post","type-post","status-publish","format-standard","has-post-thumbnail","hentry","category-sociedad"],"_links":{"self":[{"href":"https:\/\/www.interaccionnoticias.com.mx\/index.php?rest_route=\/wp\/v2\/posts\/59283","targetHints":{"allow":["GET"]}}],"collection":[{"href":"https:\/\/www.interaccionnoticias.com.mx\/index.php?rest_route=\/wp\/v2\/posts"}],"about":[{"href":"https:\/\/www.interaccionnoticias.com.mx\/index.php?rest_route=\/wp\/v2\/types\/post"}],"author":[{"embeddable":true,"href":"https:\/\/www.interaccionnoticias.com.mx\/index.php?rest_route=\/wp\/v2\/users\/8"}],"replies":[{"embeddable":true,"href":"https:\/\/www.interaccionnoticias.com.mx\/index.php?rest_route=%2Fwp%2Fv2%2Fcomments&post=59283"}],"version-history":[{"count":1,"href":"https:\/\/www.interaccionnoticias.com.mx\/index.php?rest_route=\/wp\/v2\/posts\/59283\/revisions"}],"predecessor-version":[{"id":59285,"href":"https:\/\/www.interaccionnoticias.com.mx\/index.php?rest_route=\/wp\/v2\/posts\/59283\/revisions\/59285"}],"wp:featuredmedia":[{"embeddable":true,"href":"https:\/\/www.interaccionnoticias.com.mx\/index.php?rest_route=\/wp\/v2\/media\/59284"}],"wp:attachment":[{"href":"https:\/\/www.interaccionnoticias.com.mx\/index.php?rest_route=%2Fwp%2Fv2%2Fmedia&parent=59283"}],"wp:term":[{"taxonomy":"category","embeddable":true,"href":"https:\/\/www.interaccionnoticias.com.mx\/index.php?rest_route=%2Fwp%2Fv2%2Fcategories&post=59283"},{"taxonomy":"post_tag","embeddable":true,"href":"https:\/\/www.interaccionnoticias.com.mx\/index.php?rest_route=%2Fwp%2Fv2%2Ftags&post=59283"}],"curies":[{"name":"wp","href":"https:\/\/api.w.org\/{rel}","templated":true}]}}