{"id":59256,"date":"2023-03-21T19:08:27","date_gmt":"2023-03-22T01:08:27","guid":{"rendered":"https:\/\/interaccionnoticias.com.mx\/?p=59256"},"modified":"2023-03-21T19:08:31","modified_gmt":"2023-03-22T01:08:31","slug":"delegado-federal-se-reunira-con-titular-de-la-fge-para-revisar-el-caso-de-servidor-de-la-nacion-desaparecido-en-taxco","status":"publish","type":"post","link":"https:\/\/www.interaccionnoticias.com.mx\/?p=59256","title":{"rendered":"Delegado federal se reunir\u00e1 con titular de la FGE, para revisar el caso de servidor de la naci\u00f3n desaparecido en Taxco"},"content":{"rendered":"\n<p><strong><em>&#8212; Familiares y amigos de Miguel Huerta Torres reprochan que hasta el momento no haya trabajos de b\u00fasqueda<\/em><\/strong><\/p>\n\n\n\n<p><strong>Rosario Garc\u00eda Orozco<\/strong><\/p>\n\n\n\n<p><strong>Chilpancingo, Gro., 21 de marzo del 2023.-<\/strong> El delegado federal, Iv\u00e1n Hern\u00e1ndez D\u00edaz anunci\u00f3 que se reunir\u00e1 con la titular de la Fiscal\u00eda General del Estado (FGE) Sandra Luz Valdovinos Salmer\u00f3n para conocer el avance de las investigaciones relacionadas con la desaparici\u00f3n del Servidor de la Naci\u00f3n, Miguel Huerta Torres en el municipio de Taxco de Alarc\u00f3n.<\/p>\n\n\n\n<p>Lo anterior, luego de que familiares y conocidos de Miguel Huerta Torres, quien desapareci\u00f3 desde hace 21 d\u00edas en en Temaxcalapa, municipio de Taxco de Alarc\u00f3n, denunciaron el poco inter\u00e9s que los tres \u00f3rdenes de gobierno han puesto para localizarlo con vida.<\/p>\n\n\n\n<p>A trav\u00e9s de un escrito que hicieron circular en redes sociales, los familiares recriminaron la nula atenci\u00f3n e inter\u00e9s que ha demostrado el Delegado Iv\u00e1n Hern\u00e1ndez D\u00edaz, los gobiernos federal y estatal, incluso la dirigencia de Morena en Guerrero y en el pa\u00eds.<\/p>\n\n\n\n<p>Indicaron que Miguel fue privado de la libertad por dos hombres armados mientras trabajaba.<\/p>\n\n\n\n<p>\u201cNo tenemos noticias de tu paradero, y tus \u2018paisanos\u2019, tus jefes, hacen nada, \u00bfD\u00d3NDE EST\u00c1 EL PRESIDENTE DEL PARTIDO DE MORENA? por quien tanto te quitaste el sombrero por ser un luchador social, \u00a1\u00bfD\u00d3NDE EST\u00c1 EL JEFE DIRECTO DE LOS SERVIDORES DE LA NACI\u00d3N Iv\u00e1n Hern\u00e1ndez D\u00edaz!? Te encontrabas en horas de trabajo, con uniforme y dem\u00e1s documentos que lleva #UnServidorDeLaNaci\u00f3n\u201d, se lee en el texto que circula en redes sociales.<\/p>\n\n\n\n<p>Adem\u00e1s, reprocharon que los integrantes de su partido pol\u00edtico y sus jefes, \u00abni siquiera comparten su ficha de b\u00fasqueda. Ellos contin\u00faan con su vida y actividades como si nada hubiera pasado, mientras tu familia vive en la inseguridad e incertidumbre\u2026\u00bfD\u00d3NDE EST\u00c1N LOS TRES NIVELES DE Gobierno? Algunas personas est\u00e1n apoyando en tu b\u00fasqueda, otras no, ni siquiera quieren compartir, a pesar de que, lo que te pas\u00f3 fue en presencia de todos los pobladores de Temaxcalapa\u2026\u201d.<\/p>\n\n\n\n<p>Al respecto, el delegado Iv\u00e1n Hern\u00e1ndez declar\u00f3 que se reunir\u00e1 con la fiscal del estado para conocer el avance de las investigaciones que se siguen desde el d\u00eda en que se report\u00f3 la desaparici\u00f3n de Huerta Torres, el 28 de febrero pasado.<\/p>\n\n\n\n<p>Indic\u00f3: \u00abhasta ahora es el \u00fanico caso del que hemos sabido\u00bb.<\/p>\n\n\n\n<p>Refiri\u00f3 que las tareas ordinarias de los Servidores de la Naci\u00f3n se realizan de manera normal, en la confianza de que la naturaleza de su funci\u00f3n es noble y a 4 a\u00f1os de gobierno \u00abno hemos tenido problemas con las actividades de los trabajadores\u00bb, pero indic\u00f3 que qlos operativos de dispersi\u00f3n de recursos s\u00ed se realiza con apoyo de polic\u00edas estatales y municipales.<\/p>\n\n\n\n<p>Agreg\u00f3 que la desaparici\u00f3n del trabajador se atiende tanto en la Mesa Estatal, como en la Regional para la Construcci\u00f3n de la Paz, y asegur\u00f3 que \u00abs\u00ed ha habido un trabajo real de la polic\u00eda estatal, y de la Fiscal\u00eda en la b\u00fasqueda de nuestro compa\u00f1ero Miguel Huerta\u00bb.<\/p>\n","protected":false},"excerpt":{"rendered":"<p>&#8212; Familiares y amigos de Miguel Huerta Torres reprochan que hasta el momento no haya trabajos de b\u00fasqueda Rosario Garc\u00eda Orozco Chilpancingo, Gro., 21 de marzo del 2023.- El delegado&hellip; <\/p>\n","protected":false},"author":14,"featured_media":59257,"comment_status":"open","ping_status":"open","sticky":false,"template":"","format":"standard","meta":{"fifu_image_url":"","fifu_image_alt":"","footnotes":""},"categories":[11],"tags":[],"class_list":["post-59256","post","type-post","status-publish","format-standard","has-post-thumbnail","hentry","category-guerrero"],"_links":{"self":[{"href":"https:\/\/www.interaccionnoticias.com.mx\/index.php?rest_route=\/wp\/v2\/posts\/59256","targetHints":{"allow":["GET"]}}],"collection":[{"href":"https:\/\/www.interaccionnoticias.com.mx\/index.php?rest_route=\/wp\/v2\/posts"}],"about":[{"href":"https:\/\/www.interaccionnoticias.com.mx\/index.php?rest_route=\/wp\/v2\/types\/post"}],"author":[{"embeddable":true,"href":"https:\/\/www.interaccionnoticias.com.mx\/index.php?rest_route=\/wp\/v2\/users\/14"}],"replies":[{"embeddable":true,"href":"https:\/\/www.interaccionnoticias.com.mx\/index.php?rest_route=%2Fwp%2Fv2%2Fcomments&post=59256"}],"version-history":[{"count":1,"href":"https:\/\/www.interaccionnoticias.com.mx\/index.php?rest_route=\/wp\/v2\/posts\/59256\/revisions"}],"predecessor-version":[{"id":59258,"href":"https:\/\/www.interaccionnoticias.com.mx\/index.php?rest_route=\/wp\/v2\/posts\/59256\/revisions\/59258"}],"wp:featuredmedia":[{"embeddable":true,"href":"https:\/\/www.interaccionnoticias.com.mx\/index.php?rest_route=\/wp\/v2\/media\/59257"}],"wp:attachment":[{"href":"https:\/\/www.interaccionnoticias.com.mx\/index.php?rest_route=%2Fwp%2Fv2%2Fmedia&parent=59256"}],"wp:term":[{"taxonomy":"category","embeddable":true,"href":"https:\/\/www.interaccionnoticias.com.mx\/index.php?rest_route=%2Fwp%2Fv2%2Fcategories&post=59256"},{"taxonomy":"post_tag","embeddable":true,"href":"https:\/\/www.interaccionnoticias.com.mx\/index.php?rest_route=%2Fwp%2Fv2%2Ftags&post=59256"}],"curies":[{"name":"wp","href":"https:\/\/api.w.org\/{rel}","templated":true}]}}