{"id":59244,"date":"2023-03-21T18:46:47","date_gmt":"2023-03-22T00:46:47","guid":{"rendered":"https:\/\/interaccionnoticias.com.mx\/?p=59244"},"modified":"2023-03-21T18:46:52","modified_gmt":"2023-03-22T00:46:52","slug":"ruiz-massieu-aun-no-es-tiempo-de-calificar-el-gobierno-de-evelyn-salgado","status":"publish","type":"post","link":"https:\/\/www.interaccionnoticias.com.mx\/?p=59244","title":{"rendered":"Ruiz Massieu: \u201cA\u00fan no es tiempo de calificar el gobierno de Evelyn Salgado\u201d"},"content":{"rendered":"\n<p><strong><em>&#8212; Pero la senadora priista considera que podr\u00eda tener un equipo de trabajo \u201cque le ayude m\u00e1s\u201d<\/em><\/strong><\/p>\n\n\n\n<p><strong>Rosario Garc\u00eda Orozco<\/strong><\/p>\n\n\n\n<p><strong>Chilpancingo, Gro., 21 de marzo del 2023.-<\/strong> La senadora pri\u00edsta, Claudia Ruiz Massieu Salinas consider\u00f3 que todav\u00eda no es tiempo para emitir alguna calificaci\u00f3n respecto al gobierno de Evelyn Salgado Pineda, aunque s\u00ed destac\u00f3 que podr\u00eda tener un equipo de trabajo \u201cque le ayude m\u00e1s\u201d.<\/p>\n\n\n\n<p>En Chilpancingo, Ruiz Massieu consider\u00f3 importante hacer algunas observaciones respecto a la forma en que la actal titular del Ejecutivo local lleg\u00f3 a la primera posici\u00f2n de poder en Guerrero.<\/p>\n\n\n\n<p>De primera instancia, dijo que no se debe olvidar que ella (Evelyn Salgado) no era la candidata a gobernadora, sino su padre, el Senador F\u00e9lix Salgado Macedonio.<\/p>\n\n\n\n<p>En consecuencia, la guberntura, era un cargo para el cual no se hab\u00eda preparado, sin embargo apunt\u00f3: \u00abpero ahora es nuestra gobernadora, a quien debemos reconocerle que tiene buena disposici\u00f3n y que est\u00e1 gobernando una entidad muy compleja, con circunstancias muy dificiles\u00bb.<\/p>\n\n\n\n<p>Si acaso, dijo que podr\u00eda hacer un comentario respecto al hecho de que la gobernadora deber\u00eda tener un equipo de gobierno m\u00e1s experimentado, \u201cque la ayudara m\u00e1s\u201d.<\/p>\n\n\n\n<p>Reconoci\u00f3 que los retos que tiene Guerrero son muy complejos y requieren de gran capacidad pol\u00edtica, por lo que no deben atenderse desde la perspectiva de una sola persona.<\/p>\n\n\n\n<p>Por eso, ante el cuestionamiento directo repsondi\u00f3: \u201cCreo que es pronto para hacer una evaluaci\u00f3n de un gobierno que lleva poco tiempo, y mucho menos hacerlo desde una perspectiva de una gobernadora mujer, que es parte de una lucha hist\u00f3rica que hemos dado, en el pa\u00eds y en el muno\u201d.<\/p>\n\n\n\n<p>Record\u00f3 que actualmente hay 9 gobernadoras en el pa\u00eds, lo que podr\u00eda considerarse como poco, en el contexto de las 31 entidades que integran la geograf\u00eda nacional.<\/p>\n\n\n\n<p>Sin embargo, consider\u00f3 importante dar el espacio necesario para ver qu\u00e9 sello le imprime al gobierno de Guerrero.<\/p>\n","protected":false},"excerpt":{"rendered":"<p>&#8212; Pero la senadora priista considera que podr\u00eda tener un equipo de trabajo \u201cque le ayude m\u00e1s\u201d Rosario Garc\u00eda Orozco Chilpancingo, Gro., 21 de marzo del 2023.- La senadora pri\u00edsta,&hellip; <\/p>\n","protected":false},"author":14,"featured_media":59245,"comment_status":"open","ping_status":"open","sticky":false,"template":"","format":"standard","meta":{"fifu_image_url":"","fifu_image_alt":"","footnotes":""},"categories":[21],"tags":[],"class_list":["post-59244","post","type-post","status-publish","format-standard","has-post-thumbnail","hentry","category-politica"],"_links":{"self":[{"href":"https:\/\/www.interaccionnoticias.com.mx\/index.php?rest_route=\/wp\/v2\/posts\/59244","targetHints":{"allow":["GET"]}}],"collection":[{"href":"https:\/\/www.interaccionnoticias.com.mx\/index.php?rest_route=\/wp\/v2\/posts"}],"about":[{"href":"https:\/\/www.interaccionnoticias.com.mx\/index.php?rest_route=\/wp\/v2\/types\/post"}],"author":[{"embeddable":true,"href":"https:\/\/www.interaccionnoticias.com.mx\/index.php?rest_route=\/wp\/v2\/users\/14"}],"replies":[{"embeddable":true,"href":"https:\/\/www.interaccionnoticias.com.mx\/index.php?rest_route=%2Fwp%2Fv2%2Fcomments&post=59244"}],"version-history":[{"count":1,"href":"https:\/\/www.interaccionnoticias.com.mx\/index.php?rest_route=\/wp\/v2\/posts\/59244\/revisions"}],"predecessor-version":[{"id":59246,"href":"https:\/\/www.interaccionnoticias.com.mx\/index.php?rest_route=\/wp\/v2\/posts\/59244\/revisions\/59246"}],"wp:featuredmedia":[{"embeddable":true,"href":"https:\/\/www.interaccionnoticias.com.mx\/index.php?rest_route=\/wp\/v2\/media\/59245"}],"wp:attachment":[{"href":"https:\/\/www.interaccionnoticias.com.mx\/index.php?rest_route=%2Fwp%2Fv2%2Fmedia&parent=59244"}],"wp:term":[{"taxonomy":"category","embeddable":true,"href":"https:\/\/www.interaccionnoticias.com.mx\/index.php?rest_route=%2Fwp%2Fv2%2Fcategories&post=59244"},{"taxonomy":"post_tag","embeddable":true,"href":"https:\/\/www.interaccionnoticias.com.mx\/index.php?rest_route=%2Fwp%2Fv2%2Ftags&post=59244"}],"curies":[{"name":"wp","href":"https:\/\/api.w.org\/{rel}","templated":true}]}}