{"id":5922,"date":"2017-06-30T12:19:44","date_gmt":"2017-06-30T17:19:44","guid":{"rendered":"http:\/\/www.inter-accion.com.mx\/?p=5922"},"modified":"2017-06-30T12:19:44","modified_gmt":"2017-06-30T17:19:44","slug":"marchan-padres-de-los-43-y-alumnos-de-ayotzinapa-ante-asesinato-de-hija-de-activista-del-estado-de-puebla","status":"publish","type":"post","link":"https:\/\/www.interaccionnoticias.com.mx\/?p=5922","title":{"rendered":"Marchan padres de los 43 y alumnos de Ayotzinapa ante asesinato de hija de activista del Estado de Puebla"},"content":{"rendered":"<p>La ma\u00f1ana de este viernes padres de los 43 y normalistas de Ayotzinapa realizan una protesta en la capital de Guerrero, para condenar el asesinato de Meztli Sarabia hija de Rub\u00e9n Sarabia S\u00e1nchez \u201cSimitrio\u201d, l\u00edder de la Uni\u00f3n Popular de Vendedores Ambulantes (UPVA) 28 de Octubre en el estado de Puebla.<br \/>\nLa organizaci\u00f3n 28 de octubre asegur\u00f3 Meliton Ortega padre de los 43 apoy\u00f3 de manera incondicional al movimiento de la b\u00fasqueda de normalistas, motivo por el cual est\u00e1 ma\u00f1ana en nuestra de solidaridad y repudio a el asesinato cometido por un grupo armado, realizan un protesta en el antimonumento a los 43.<br \/>\nDonde cerca de 50 normalistas arribaron al municipio de Chilpancingo en tres autobuses al punto conocido como Banderas, donde partir\u00e1 la protesta con direcci\u00f3n al Palacio de Gobierno el estado de Guerrero.<br \/>\nLos padres de los 43 detallaron que acciones violentas como la que se dio ayer en el estado de Puebla reiteran las teor\u00edas de que el Gobierno Federal intenta a toda costa reprimir e intimidar a todo aquel que proteste o realice acciones en su contra.<\/p>\n","protected":false},"excerpt":{"rendered":"<p>La ma\u00f1ana de este viernes padres de los 43 y normalistas de Ayotzinapa realizan una protesta en la capital de Guerrero, para condenar el asesinato de Meztli Sarabia hija de&hellip; <\/p>\n","protected":false},"author":1,"featured_media":0,"comment_status":"closed","ping_status":"closed","sticky":false,"template":"","format":"standard","meta":{"fifu_image_url":"","fifu_image_alt":"","footnotes":""},"categories":[8,15],"tags":[],"class_list":["post-5922","post","type-post","status-publish","format-standard","hentry","category-featured","category-movimientos-sociales"],"_links":{"self":[{"href":"https:\/\/www.interaccionnoticias.com.mx\/index.php?rest_route=\/wp\/v2\/posts\/5922","targetHints":{"allow":["GET"]}}],"collection":[{"href":"https:\/\/www.interaccionnoticias.com.mx\/index.php?rest_route=\/wp\/v2\/posts"}],"about":[{"href":"https:\/\/www.interaccionnoticias.com.mx\/index.php?rest_route=\/wp\/v2\/types\/post"}],"author":[{"embeddable":true,"href":"https:\/\/www.interaccionnoticias.com.mx\/index.php?rest_route=\/wp\/v2\/users\/1"}],"replies":[{"embeddable":true,"href":"https:\/\/www.interaccionnoticias.com.mx\/index.php?rest_route=%2Fwp%2Fv2%2Fcomments&post=5922"}],"version-history":[{"count":0,"href":"https:\/\/www.interaccionnoticias.com.mx\/index.php?rest_route=\/wp\/v2\/posts\/5922\/revisions"}],"wp:attachment":[{"href":"https:\/\/www.interaccionnoticias.com.mx\/index.php?rest_route=%2Fwp%2Fv2%2Fmedia&parent=5922"}],"wp:term":[{"taxonomy":"category","embeddable":true,"href":"https:\/\/www.interaccionnoticias.com.mx\/index.php?rest_route=%2Fwp%2Fv2%2Fcategories&post=5922"},{"taxonomy":"post_tag","embeddable":true,"href":"https:\/\/www.interaccionnoticias.com.mx\/index.php?rest_route=%2Fwp%2Fv2%2Ftags&post=5922"}],"curies":[{"name":"wp","href":"https:\/\/api.w.org\/{rel}","templated":true}]}}