{"id":58939,"date":"2023-03-15T17:33:14","date_gmt":"2023-03-15T23:33:14","guid":{"rendered":"https:\/\/interaccionnoticias.com.mx\/?p=58939"},"modified":"2023-03-15T17:33:19","modified_gmt":"2023-03-15T23:33:19","slug":"persiste-la-violencia-en-acapulco-y-asesinan-a-dos","status":"publish","type":"post","link":"https:\/\/www.interaccionnoticias.com.mx\/?p=58939","title":{"rendered":"Persiste la violencia en Acapulco y asesinan a dos"},"content":{"rendered":"\n<p><strong><em>&#8212; Ejecutado en la franja tur\u00edstica de Acapulco<br>&#8212; Dejan a un hombre encajuelado en zona suburbana<br><\/em><\/strong><\/p>\n\n\n\n<p><strong>Javier Trujillo<\/strong><\/p>\n\n\n\n<p><strong>Acapulco, Gro. \u2013 <\/strong>Dos hombres fueron asesinados en dos lugares en el puerto de Acapulco y a plena luz del d\u00eda. En ambos casos, las v\u00edctimas se encuentran en calidad de desconocidas.<\/p>\n\n\n\n<p>Entre las 07:00 y las 14 horas, de este mi\u00e9rcoles, ocurrieron dos hechos de violencia que dej\u00f3 un saldo de dos hombres muertos.<br>Los homicidios dolosos, ocurrieron en el fraccionamiento Libertadores, zona suburbana del puerto y en la franja tur\u00edstica, en la playa Carabal\u00ed, a un costado de la vigilada zona de la Costera Miguel Alem\u00e1n.<\/p>\n\n\n\n<p>En la ma\u00f1ana, al interior de un veh\u00edculo del servicio p\u00fablico, encontraron el cuerpo de un hombre en avanzado estado de descomposici\u00f3n, ubicada en la zona suburbana del puerto de Acapulco.<\/p>\n\n\n\n<p>Lo anterior, seg\u00fan un reporte en la calle del F\u00fatbol del fraccionamiento Libertadores, donde encontraron un veh\u00edculo del servicio p\u00fablico, con el cuerpo de un hombre con un torniquete en el cuello.<\/p>\n\n\n\n<p>La v\u00edctima, era un hombre en estado de descomposici\u00f3n, que estaba en la cajuela de un taxi del servicio p\u00fablico.<\/p>\n\n\n\n<p>Las autoridades, detallaron que se encontr\u00f3 un lazo amarillo y un palo atado al cuello, con lesiones producidas por el torniquete.<\/p>\n\n\n\n<p>Adem\u00e1s, estaba atado de las manos y tambi\u00e9n los pies.<\/p>\n\n\n\n<p>La v\u00edctima, presentaba evidentes huellas de haber sido torturado, en distintas partes del cuerpo, antes de privarlo de la vida. Junto al cad\u00e1ver, hab\u00eda una cartulina con un mensa del que se ignora su contenido.<\/p>\n\n\n\n<p>M\u00e1s tarde, en plena costera Miguel Alem\u00e1n, un hombre que estaba sentado fue atacado de un disparo en la cabeza.<\/p>\n\n\n\n<p>La agresi\u00f3n armada, ocurri\u00f3 minutos despu\u00e9s de las 14:00 horas, en el fraccionamiento Hornos, a un costado de la principal arteria tur\u00edstica, y enfrente del extinto peri\u00f3dico Novedades.<\/p>\n\n\n\n<p>Testigos de los hechos, dijeron que el hombre estaba sentado cuando fue atacado por dos hombres, ante lo cual qued\u00f3 tirado en la banqueta.<\/p>\n\n\n\n<p>Hasta la escena del crimen, acudieron param\u00e9dicos y Polic\u00eda Tur\u00edstica, quienes brindaron los primeros auxilios al hombre identificado como Ra\u00fal N.<\/p>\n\n\n\n<p>La v\u00edctima, qued\u00f3 herido, fue atendido por personal de la Cruz Roja, quienes de inmediato le brindaron los primeros auxilios, y lo trasladaron a un hospital.<br><\/p>\n","protected":false},"excerpt":{"rendered":"<p>&#8212; Ejecutado en la franja tur\u00edstica de Acapulco&#8212; Dejan a un hombre encajuelado en zona suburbana Javier Trujillo Acapulco, Gro. \u2013 Dos hombres fueron asesinados en dos lugares en el&hellip; <\/p>\n","protected":false},"author":3,"featured_media":58940,"comment_status":"open","ping_status":"open","sticky":false,"template":"","format":"standard","meta":{"fifu_image_url":"","fifu_image_alt":"","footnotes":""},"categories":[27],"tags":[],"class_list":["post-58939","post","type-post","status-publish","format-standard","has-post-thumbnail","hentry","category-seguridad-publica"],"_links":{"self":[{"href":"https:\/\/www.interaccionnoticias.com.mx\/index.php?rest_route=\/wp\/v2\/posts\/58939","targetHints":{"allow":["GET"]}}],"collection":[{"href":"https:\/\/www.interaccionnoticias.com.mx\/index.php?rest_route=\/wp\/v2\/posts"}],"about":[{"href":"https:\/\/www.interaccionnoticias.com.mx\/index.php?rest_route=\/wp\/v2\/types\/post"}],"author":[{"embeddable":true,"href":"https:\/\/www.interaccionnoticias.com.mx\/index.php?rest_route=\/wp\/v2\/users\/3"}],"replies":[{"embeddable":true,"href":"https:\/\/www.interaccionnoticias.com.mx\/index.php?rest_route=%2Fwp%2Fv2%2Fcomments&post=58939"}],"version-history":[{"count":1,"href":"https:\/\/www.interaccionnoticias.com.mx\/index.php?rest_route=\/wp\/v2\/posts\/58939\/revisions"}],"predecessor-version":[{"id":58941,"href":"https:\/\/www.interaccionnoticias.com.mx\/index.php?rest_route=\/wp\/v2\/posts\/58939\/revisions\/58941"}],"wp:featuredmedia":[{"embeddable":true,"href":"https:\/\/www.interaccionnoticias.com.mx\/index.php?rest_route=\/wp\/v2\/media\/58940"}],"wp:attachment":[{"href":"https:\/\/www.interaccionnoticias.com.mx\/index.php?rest_route=%2Fwp%2Fv2%2Fmedia&parent=58939"}],"wp:term":[{"taxonomy":"category","embeddable":true,"href":"https:\/\/www.interaccionnoticias.com.mx\/index.php?rest_route=%2Fwp%2Fv2%2Fcategories&post=58939"},{"taxonomy":"post_tag","embeddable":true,"href":"https:\/\/www.interaccionnoticias.com.mx\/index.php?rest_route=%2Fwp%2Fv2%2Ftags&post=58939"}],"curies":[{"name":"wp","href":"https:\/\/api.w.org\/{rel}","templated":true}]}}