{"id":58808,"date":"2023-03-13T12:14:50","date_gmt":"2023-03-13T18:14:50","guid":{"rendered":"https:\/\/interaccionnoticias.com.mx\/?p=58808"},"modified":"2023-03-13T12:14:56","modified_gmt":"2023-03-13T18:14:56","slug":"de-la-sierra-quienes-delinquen-en-chilpancingo-dice-la-alcaldesa","status":"publish","type":"post","link":"https:\/\/www.interaccionnoticias.com.mx\/?p=58808","title":{"rendered":"\u201cDe la Sierra, quienes delinquen en Chilpancingo\u201d, dice la alcaldesa"},"content":{"rendered":"\n<p><strong>&#8212; Llegan a la capital \u201ccon su pobreza y marginaci\u00f3n\u201d.<\/strong><\/p>\n\n\n\n<p><strong>Jes\u00fas Dorantes<\/strong><\/p>\n\n\n\n<p>Chilpancingo, Gro.- \u201cLas personas que delinquen en la capital provienen mayoritariamente de de la Sierra\u201d, asegur\u00f3 la presidenta municipal Norma Otilia Hern\u00e1ndez Mart\u00ednez, raz\u00f3n por la que dijo, acude hasta dos veces por semana para realizar acciones de prevenci\u00f3n del delito.<\/p>\n\n\n\n<p>Durante la rueda de prensa matutina de cada lunes, la primer edil capitalina fue cuestionada sobre los avances en el tema de seguridad en el municipio, ante una serie de lonas que fueron colocadas la semana pasada, en la que incluso se habla de un toque de queda y del ajuste de cuentas entre integrantes de grupos criminales.<\/p>\n\n\n\n<p>Dijo que en Chilpancingo se trabaja sin ning\u00fan tipo de temor en la tarea de prevenir el delito, de tal manera que se realizan de dos a tres operativos diarios.<\/p>\n\n\n\n<p>Se\u00f1al\u00f3 que hay temas que le compete al Estado y la Federaci\u00f3n, por lo que se debe tener claro que la tarea del municipio es la prevenci\u00f3n del delito.<\/p>\n\n\n\n<p>\u201cSe trata de impulsar acciones de gobierno antes de que llegue un conflicto social o un delito del fueron com\u00fan\u201d, asever\u00f3.<\/p>\n\n\n\n<p>En esa parte, destac\u00f3 que se tiene muy claro lo que est\u00e1 pasando en la ciudad, en lo que se refiere a los indicadores delictivos.<\/p>\n\n\n\n<p>\u201cNosotros no estamos en la improvizaci\u00f3n, ustedes se preguntar\u00e1n \u00bfPor qu\u00e9 estoy dos veces por semana en la Sierra? porque tengo un diagn\u00f3stico de los que vienen a delinquir y no son los de Chilpancingo, son gentes que precisamente vienen con su pobreza y su marginaci\u00f3n\u201d.<\/p>\n\n\n\n<p>Adem\u00e1s Hern\u00e1ndez Mart\u00ednez asegur\u00f3 la reconstrucci\u00f3n del tejido social en las comunidades, se hace por medio programas de bienestar social, deporte y prevenci\u00f3n del delito.<\/p>\n\n\n\n<p>Indic\u00f3 que no se trata de estigmatizar a los pobladores de una zona espec\u00edfica de la entidad, pero s\u00ed de ubicar cual es el origen de los problemas que se enfrentan.<\/p>\n\n\n\n<p>\u201cNo hay toque de queda\u201d<\/p>\n\n\n\n<p>Respecto la aparici\u00f3n de dos narcomantas en las que se anunciaba un toque de queda para la ciudad, la presidenta de Chilpancingo neg\u00f3 que existiera una pausa en las actividades institucionales: \u201cChilpancingo se mueve de d\u00eda, de tarde y de noche\u201d, asever\u00f3.<\/p>\n\n\n\n<p>A manera de ejemplo, se\u00f1al\u00f3 que por lo menos 300 empresas decidieron invertir en las \u00faltimas fechas en el municipio, por lo que se sigue avanzando en generar un ambiente de confianza no solo para los locales, si no tambi\u00e9n para los for\u00e1neos.<\/p>\n\n\n\n<p>En el tema de los avances de la investigaciones que solicit\u00f3 a la Fiscal\u00eda General del Estado (FGE), asegur\u00f3 que su labor en trabajo en conjunto por lo que lo avances tendr\u00e1s que ser prestados por la misma FGE o por la Mesa de Coordinaci\u00f3n para la Construcci\u00f3n de Paz.<\/p>\n\n\n\n<p>\u201cDelitos del fuero com\u00fan o federal no me competen, decirles que hay una Fiscal\u00eda una Mesa de Seguridad que ellas son las que tienen que atender, primero porque es un proceso de investigaci\u00f3n, nosotros solo coadyuvamos y son ellos los que tienen que rendir cuentas y presentar los resultados de las investigaciones\u201d, expuso.<\/p>\n","protected":false},"excerpt":{"rendered":"<p>&#8212; Llegan a la capital \u201ccon su pobreza y marginaci\u00f3n\u201d. Jes\u00fas Dorantes Chilpancingo, Gro.- \u201cLas personas que delinquen en la capital provienen mayoritariamente de de la Sierra\u201d, asegur\u00f3 la presidenta&hellip; <\/p>\n","protected":false},"author":8,"featured_media":58809,"comment_status":"open","ping_status":"open","sticky":false,"template":"","format":"standard","meta":{"fifu_image_url":"","fifu_image_alt":"","footnotes":""},"categories":[13],"tags":[],"class_list":["post-58808","post","type-post","status-publish","format-standard","has-post-thumbnail","hentry","category-capital"],"_links":{"self":[{"href":"https:\/\/www.interaccionnoticias.com.mx\/index.php?rest_route=\/wp\/v2\/posts\/58808","targetHints":{"allow":["GET"]}}],"collection":[{"href":"https:\/\/www.interaccionnoticias.com.mx\/index.php?rest_route=\/wp\/v2\/posts"}],"about":[{"href":"https:\/\/www.interaccionnoticias.com.mx\/index.php?rest_route=\/wp\/v2\/types\/post"}],"author":[{"embeddable":true,"href":"https:\/\/www.interaccionnoticias.com.mx\/index.php?rest_route=\/wp\/v2\/users\/8"}],"replies":[{"embeddable":true,"href":"https:\/\/www.interaccionnoticias.com.mx\/index.php?rest_route=%2Fwp%2Fv2%2Fcomments&post=58808"}],"version-history":[{"count":1,"href":"https:\/\/www.interaccionnoticias.com.mx\/index.php?rest_route=\/wp\/v2\/posts\/58808\/revisions"}],"predecessor-version":[{"id":58810,"href":"https:\/\/www.interaccionnoticias.com.mx\/index.php?rest_route=\/wp\/v2\/posts\/58808\/revisions\/58810"}],"wp:featuredmedia":[{"embeddable":true,"href":"https:\/\/www.interaccionnoticias.com.mx\/index.php?rest_route=\/wp\/v2\/media\/58809"}],"wp:attachment":[{"href":"https:\/\/www.interaccionnoticias.com.mx\/index.php?rest_route=%2Fwp%2Fv2%2Fmedia&parent=58808"}],"wp:term":[{"taxonomy":"category","embeddable":true,"href":"https:\/\/www.interaccionnoticias.com.mx\/index.php?rest_route=%2Fwp%2Fv2%2Fcategories&post=58808"},{"taxonomy":"post_tag","embeddable":true,"href":"https:\/\/www.interaccionnoticias.com.mx\/index.php?rest_route=%2Fwp%2Fv2%2Ftags&post=58808"}],"curies":[{"name":"wp","href":"https:\/\/api.w.org\/{rel}","templated":true}]}}