{"id":58800,"date":"2023-03-12T18:46:27","date_gmt":"2023-03-13T00:46:27","guid":{"rendered":"https:\/\/interaccionnoticias.com.mx\/?p=58800"},"modified":"2023-03-12T18:46:33","modified_gmt":"2023-03-13T00:46:33","slug":"denuncian-el-encarcelamiento-irregular-de-la-hija-de-la-tia-marchas","status":"publish","type":"post","link":"https:\/\/www.interaccionnoticias.com.mx\/?p=58800","title":{"rendered":"Denuncian el encarcelamiento irregular de la hija de \u201cLa tia marchas\u201d"},"content":{"rendered":"\n<p><em><strong>&#8212; Marisol Figueroa N\u00fanez, primero fue detenida por \u201candar con malandros\u201d, luego le imputaron un homicidio<br>&#8212; Antes, la quisieron obligar a involucrar a un hombre con un asesinato<\/strong><\/em><\/p>\n\n\n\n<p><strong>Rogelio Agust\u00edn<\/strong><\/p>\n\n\n\n<p>La colectiva \u201cAntimonumenta\u201d denunic\u00f3 la detenci\u00f3n arbitraria de Marisol Figueroa Nu\u00f1ez, a quien la Polic\u00eda Ministerial acus\u00f3 de vender droga, para depu\u00e9s imputarle un homicidio.<\/p>\n\n\n\n<p>V\u00eda comunicado, la organizaci\u00f3n feminista denunci\u00f3 que el pasado jueves 2 de marzo, aproximadamente a las 20:00 horas, Figueroa N\u00fa\u00f1ez fue detenida en el centro de la ciudad por elementos de la Polic\u00eda Investigadora Ministerial (PIM).<\/p>\n\n\n\n<p>\u201cSin orden de aprehensi\u00f3n, sin ningun motivo la subieron a una camioneta, le dieron vueltas durante un tiempo, la torturaron y le pegaron con un arma en la cara\u201d, se\u00f1ala el documento dado a concocer este domingo.<\/p>\n\n\n\n<p>En la denuncia, se se\u00f1ala que Marisol fue llevada a una casa en la que hab\u00eda una excavaci\u00f3n, que al parecer era una fosa clandestina.<\/p>\n\n\n\n<p>\u201cLa quer\u00edan obligar a se\u00f1alar a un hombre como responsable de un homocidio de otro var\u00f3n, al que le dijeron que le hab\u00eda cortado la cabeza\u201d.<\/p>\n\n\n\n<p>Luego fue llevada a los separos de la Polic\u00eda Ministerial, lugar en el que se\u00f1alan que estuvo incomunicada durante varios d\u00edas.<\/p>\n\n\n\n<p>Marisol Figueroa es hija de la profesora Marisela N\u00fa\u00f1ez Trujillo, quien durante muchos a\u00f1os ha sido solidaria con el movimiento que impulsan los padres de los 43 normalistas desaparecidos de Ayotzinapa, por lo que es conocida como la \u201ct\u00eda marchas\u201d, quien al no tener informaci\u00f3n de su hija sali\u00f3 a buscarla.<\/p>\n\n\n\n<p>Una vez en la calle, la profesora N\u00fa\u00f1ez Trujillo se enter\u00f3 de la forma en que su hija hab\u00eda sido privada de la libertad, por lo que r\u00e1pidamente se traslad\u00f3 a las instalaciones de la Fiscal\u00eda General del Estado (FGE).<\/p>\n\n\n\n<p>El 7 de marzo fue informada de que efectivamente, Marisol estaba en los separos de la PIM y que se le habia detenido porque \u201candaba con malandros\u201d y que le hab\u00eda pegado a una elemento de la corporaci\u00f3n.<\/p>\n\n\n\n<p>Ese d\u00eda Marisol fue liberada de inmediato pero antes de que se alejara de las instalaciones le ejecutaron una orden de eprehensi\u00f3n por el delito de homicidio.<\/p>\n\n\n\n<p>Ahora Marisol se encuentra en el Cereso de Chilpancingo y el lunes por la tarde sostendr\u00e1 su primera audiencia judicial, en la capital de Guerrero.<\/p>\n\n\n\n<div class=\"wp-block-jetpack-slideshow aligncenter\" data-effect=\"slide\"><div class=\"wp-block-jetpack-slideshow_container swiper-container\"><ul class=\"wp-block-jetpack-slideshow_swiper-wrapper swiper-wrapper\"><li class=\"wp-block-jetpack-slideshow_slide swiper-slide\"><figure><img decoding=\"async\" src=\"data:image\/gif;base64,R0lGODlhAQABAIAAAAAAAP\/\/\/ywAAAAAAQABAAACAUwAOw==\" fifu-lazy=\"1\" fifu-data-sizes=\"auto\" fifu-data-srcset=\"https:\/\/i0.wp.com\/interaccionnoticias.com.mx\/wp-content\/uploads\/2023\/03\/230312-La-tia-marchas-1.jpeg?ssl=1&w=75&resize=75&ssl=1 75w, https:\/\/i0.wp.com\/interaccionnoticias.com.mx\/wp-content\/uploads\/2023\/03\/230312-La-tia-marchas-1.jpeg?ssl=1&w=100&resize=100&ssl=1 100w, https:\/\/i0.wp.com\/interaccionnoticias.com.mx\/wp-content\/uploads\/2023\/03\/230312-La-tia-marchas-1.jpeg?ssl=1&w=150&resize=150&ssl=1 150w, https:\/\/i0.wp.com\/interaccionnoticias.com.mx\/wp-content\/uploads\/2023\/03\/230312-La-tia-marchas-1.jpeg?ssl=1&w=240&resize=240&ssl=1 240w, https:\/\/i0.wp.com\/interaccionnoticias.com.mx\/wp-content\/uploads\/2023\/03\/230312-La-tia-marchas-1.jpeg?ssl=1&w=320&resize=320&ssl=1 320w, https:\/\/i0.wp.com\/interaccionnoticias.com.mx\/wp-content\/uploads\/2023\/03\/230312-La-tia-marchas-1.jpeg?ssl=1&w=500&resize=500&ssl=1 500w, https:\/\/i0.wp.com\/interaccionnoticias.com.mx\/wp-content\/uploads\/2023\/03\/230312-La-tia-marchas-1.jpeg?ssl=1&w=640&resize=640&ssl=1 640w, https:\/\/i0.wp.com\/interaccionnoticias.com.mx\/wp-content\/uploads\/2023\/03\/230312-La-tia-marchas-1.jpeg?ssl=1&w=800&resize=800&ssl=1 800w, https:\/\/i0.wp.com\/interaccionnoticias.com.mx\/wp-content\/uploads\/2023\/03\/230312-La-tia-marchas-1.jpeg?ssl=1&w=1024&resize=1024&ssl=1 1024w, https:\/\/i0.wp.com\/interaccionnoticias.com.mx\/wp-content\/uploads\/2023\/03\/230312-La-tia-marchas-1.jpeg?ssl=1&w=1280&resize=1280&ssl=1 1280w, https:\/\/i0.wp.com\/interaccionnoticias.com.mx\/wp-content\/uploads\/2023\/03\/230312-La-tia-marchas-1.jpeg?ssl=1&w=1600&resize=1600&ssl=1 1600w\" alt=\"\" class=\"wp-block-jetpack-slideshow_image wp-image-58802\" data-id=\"58802\" fifu-data-src=\"https:\/\/i0.wp.com\/interaccionnoticias.com.mx\/wp-content\/uploads\/2023\/03\/230312-La-tia-marchas-1.jpeg?ssl=1\"\/><\/figure><\/li><li class=\"wp-block-jetpack-slideshow_slide swiper-slide\"><figure><img decoding=\"async\" src=\"data:image\/gif;base64,R0lGODlhAQABAIAAAAAAAP\/\/\/ywAAAAAAQABAAACAUwAOw==\" fifu-lazy=\"1\" fifu-data-sizes=\"auto\" fifu-data-srcset=\"https:\/\/i2.wp.com\/interaccionnoticias.com.mx\/wp-content\/uploads\/2023\/03\/230312-La-tia-marchas-2-741x1024.jpeg?ssl=1&w=75&resize=75&ssl=1 75w, https:\/\/i2.wp.com\/interaccionnoticias.com.mx\/wp-content\/uploads\/2023\/03\/230312-La-tia-marchas-2-741x1024.jpeg?ssl=1&w=100&resize=100&ssl=1 100w, https:\/\/i2.wp.com\/interaccionnoticias.com.mx\/wp-content\/uploads\/2023\/03\/230312-La-tia-marchas-2-741x1024.jpeg?ssl=1&w=150&resize=150&ssl=1 150w, https:\/\/i2.wp.com\/interaccionnoticias.com.mx\/wp-content\/uploads\/2023\/03\/230312-La-tia-marchas-2-741x1024.jpeg?ssl=1&w=240&resize=240&ssl=1 240w, https:\/\/i2.wp.com\/interaccionnoticias.com.mx\/wp-content\/uploads\/2023\/03\/230312-La-tia-marchas-2-741x1024.jpeg?ssl=1&w=320&resize=320&ssl=1 320w, https:\/\/i2.wp.com\/interaccionnoticias.com.mx\/wp-content\/uploads\/2023\/03\/230312-La-tia-marchas-2-741x1024.jpeg?ssl=1&w=500&resize=500&ssl=1 500w, https:\/\/i2.wp.com\/interaccionnoticias.com.mx\/wp-content\/uploads\/2023\/03\/230312-La-tia-marchas-2-741x1024.jpeg?ssl=1&w=640&resize=640&ssl=1 640w, https:\/\/i2.wp.com\/interaccionnoticias.com.mx\/wp-content\/uploads\/2023\/03\/230312-La-tia-marchas-2-741x1024.jpeg?ssl=1&w=800&resize=800&ssl=1 800w, https:\/\/i2.wp.com\/interaccionnoticias.com.mx\/wp-content\/uploads\/2023\/03\/230312-La-tia-marchas-2-741x1024.jpeg?ssl=1&w=1024&resize=1024&ssl=1 1024w, https:\/\/i2.wp.com\/interaccionnoticias.com.mx\/wp-content\/uploads\/2023\/03\/230312-La-tia-marchas-2-741x1024.jpeg?ssl=1&w=1280&resize=1280&ssl=1 1280w, https:\/\/i2.wp.com\/interaccionnoticias.com.mx\/wp-content\/uploads\/2023\/03\/230312-La-tia-marchas-2-741x1024.jpeg?ssl=1&w=1600&resize=1600&ssl=1 1600w\" alt=\"\" class=\"wp-block-jetpack-slideshow_image wp-image-58801\" data-id=\"58801\" fifu-data-src=\"https:\/\/i2.wp.com\/interaccionnoticias.com.mx\/wp-content\/uploads\/2023\/03\/230312-La-tia-marchas-2-741x1024.jpeg?ssl=1\"\/><\/figure><\/li><\/ul><a class=\"wp-block-jetpack-slideshow_button-prev swiper-button-prev swiper-button-white\" role=\"button\"><\/a><a class=\"wp-block-jetpack-slideshow_button-next swiper-button-next swiper-button-white\" role=\"button\"><\/a><a aria-label=\"Pause Slideshow\" class=\"wp-block-jetpack-slideshow_button-pause\" role=\"button\"><\/a><div class=\"wp-block-jetpack-slideshow_pagination swiper-pagination swiper-pagination-white\"><\/div><\/div><\/div>\n","protected":false},"excerpt":{"rendered":"<p>&#8212; Marisol Figueroa N\u00fanez, primero fue detenida por \u201candar con malandros\u201d, luego le imputaron un homicidio&#8212; Antes, la quisieron obligar a involucrar a un hombre con un asesinato Rogelio Agust\u00edn&hellip; <\/p>\n","protected":false},"author":21,"featured_media":58803,"comment_status":"open","ping_status":"open","sticky":false,"template":"","format":"standard","meta":{"fifu_image_url":"","fifu_image_alt":"","footnotes":""},"categories":[15],"tags":[],"class_list":["post-58800","post","type-post","status-publish","format-standard","has-post-thumbnail","hentry","category-movimientos-sociales"],"_links":{"self":[{"href":"https:\/\/www.interaccionnoticias.com.mx\/index.php?rest_route=\/wp\/v2\/posts\/58800","targetHints":{"allow":["GET"]}}],"collection":[{"href":"https:\/\/www.interaccionnoticias.com.mx\/index.php?rest_route=\/wp\/v2\/posts"}],"about":[{"href":"https:\/\/www.interaccionnoticias.com.mx\/index.php?rest_route=\/wp\/v2\/types\/post"}],"author":[{"embeddable":true,"href":"https:\/\/www.interaccionnoticias.com.mx\/index.php?rest_route=\/wp\/v2\/users\/21"}],"replies":[{"embeddable":true,"href":"https:\/\/www.interaccionnoticias.com.mx\/index.php?rest_route=%2Fwp%2Fv2%2Fcomments&post=58800"}],"version-history":[{"count":1,"href":"https:\/\/www.interaccionnoticias.com.mx\/index.php?rest_route=\/wp\/v2\/posts\/58800\/revisions"}],"predecessor-version":[{"id":58804,"href":"https:\/\/www.interaccionnoticias.com.mx\/index.php?rest_route=\/wp\/v2\/posts\/58800\/revisions\/58804"}],"wp:featuredmedia":[{"embeddable":true,"href":"https:\/\/www.interaccionnoticias.com.mx\/index.php?rest_route=\/wp\/v2\/media\/58803"}],"wp:attachment":[{"href":"https:\/\/www.interaccionnoticias.com.mx\/index.php?rest_route=%2Fwp%2Fv2%2Fmedia&parent=58800"}],"wp:term":[{"taxonomy":"category","embeddable":true,"href":"https:\/\/www.interaccionnoticias.com.mx\/index.php?rest_route=%2Fwp%2Fv2%2Fcategories&post=58800"},{"taxonomy":"post_tag","embeddable":true,"href":"https:\/\/www.interaccionnoticias.com.mx\/index.php?rest_route=%2Fwp%2Fv2%2Ftags&post=58800"}],"curies":[{"name":"wp","href":"https:\/\/api.w.org\/{rel}","templated":true}]}}