{"id":58790,"date":"2023-03-12T18:35:27","date_gmt":"2023-03-13T00:35:27","guid":{"rendered":"https:\/\/interaccionnoticias.com.mx\/?p=58790"},"modified":"2023-03-12T18:35:32","modified_gmt":"2023-03-13T00:35:32","slug":"marchan-para-respalar-al-ejercito-en-chilpancingo-iguala-y-atoyac","status":"publish","type":"post","link":"https:\/\/www.interaccionnoticias.com.mx\/?p=58790","title":{"rendered":"Marchan para respalar al Ej\u00e9rcito en Chilpancingo, Iguala y Atoyac"},"content":{"rendered":"\n<p><strong><em>&#8212; En respaldo a los detenidos por el caso Tamaulipas<\/em><\/strong><\/p>\n\n\n\n<p><strong>Jes\u00fas Dorantes<\/strong><\/p>\n\n\n\n<p><strong>Chilpancingo, Gro.-<\/strong> Familiares y amigos de elementos del Ej\u00e9rcito Mexicano marcharon en las ciudades de Chilpancingo, Iguala y Atoyac para respaldar al personal de las fuerzas armadas de M\u00e9xico, ante el trato que reciben por los altos mandos de la naci\u00f3n.<\/p>\n\n\n\n<p>En el marco de la movilizaci\u00f3n convocada a nivel nacional, en Guerrero tambi\u00e9n hubo movilizaciones para manifestar el apoyo a los cuatro elementos de las fuerzas castrenses, detenidos tras el asesinato de cinco j\u00f3venes en Tamaulipas.<\/p>\n\n\n\n<p>La ma\u00f1ana del domingo, desde las \u20189:30 horas comenzaron las tres movilizaciones, que llegaron casi de manera simult\u00e1nea a la 35 Zona Militar en Chilpancingo; las instalaciones del 27 Batall\u00f3n de Infanter\u00eda en Iguala y el 109 Batall\u00f3n de Atoyac.<\/p>\n\n\n\n<p>En el caso de Chilpancingo, Andr\u00e9s Reyes, familiar de un militar, hizo un llamado al presidente de la Rep\u00fablica, Andr\u00e9s Manuel L\u00f3pez Obrador para que se respete a los soldados y sus derechos humanos, ya que en varios videos difundidos en redes sociales, se puede apreciar como son agredidos por sujetos que no han sido son llevados ante la justicia.<\/p>\n\n\n\n<p>Aseguraron que el tener un familiar en el Ej\u00e9rcito, implica no verlo ni en d\u00edas festivos, en la navidad o fiestas familiares, pues cumplen con su deber con el pa\u00eds, por lo que merecen un trato digno y no que sean visto como los malos.<\/p>\n\n\n\n<p>Muchos de los manifestantes se vistieron de color verde olivo y portaban cartulinas con leyendas como: \u201cRespeto al Ej\u00e9rcito\u201d; \u201cEl soldado tambi\u00e9n es pueblo\u201d, \u201cTambi\u00e9n te esperamos en casa\u201d, \u201cAMLO entiende el soldado nos defiende\u201d y \u201cApoyo total al Ej\u00e9rcito\u201d.<\/p>\n\n\n\n<p>Dentro de la movilizaci\u00f3n, los padres, madres, esposas, hijos e hijas de militares, adem\u00e1s de lanzar consignas tambi\u00e9n cantaron el himno nacional.<\/p>\n\n\n\n<div class=\"wp-block-jetpack-slideshow aligncenter\" data-effect=\"slide\"><div class=\"wp-block-jetpack-slideshow_container swiper-container\"><ul class=\"wp-block-jetpack-slideshow_swiper-wrapper swiper-wrapper\"><li class=\"wp-block-jetpack-slideshow_slide swiper-slide\"><figure><img decoding=\"async\" src=\"data:image\/gif;base64,R0lGODlhAQABAIAAAAAAAP\/\/\/ywAAAAAAQABAAACAUwAOw==\" fifu-lazy=\"1\" fifu-data-sizes=\"auto\" fifu-data-srcset=\"https:\/\/i2.wp.com\/interaccionnoticias.com.mx\/wp-content\/uploads\/2023\/03\/230312-respalar-al-Ejercito-2-1024x683.jpg?ssl=1&w=75&resize=75&ssl=1 75w, https:\/\/i2.wp.com\/interaccionnoticias.com.mx\/wp-content\/uploads\/2023\/03\/230312-respalar-al-Ejercito-2-1024x683.jpg?ssl=1&w=100&resize=100&ssl=1 100w, https:\/\/i2.wp.com\/interaccionnoticias.com.mx\/wp-content\/uploads\/2023\/03\/230312-respalar-al-Ejercito-2-1024x683.jpg?ssl=1&w=150&resize=150&ssl=1 150w, https:\/\/i2.wp.com\/interaccionnoticias.com.mx\/wp-content\/uploads\/2023\/03\/230312-respalar-al-Ejercito-2-1024x683.jpg?ssl=1&w=240&resize=240&ssl=1 240w, https:\/\/i2.wp.com\/interaccionnoticias.com.mx\/wp-content\/uploads\/2023\/03\/230312-respalar-al-Ejercito-2-1024x683.jpg?ssl=1&w=320&resize=320&ssl=1 320w, https:\/\/i2.wp.com\/interaccionnoticias.com.mx\/wp-content\/uploads\/2023\/03\/230312-respalar-al-Ejercito-2-1024x683.jpg?ssl=1&w=500&resize=500&ssl=1 500w, https:\/\/i2.wp.com\/interaccionnoticias.com.mx\/wp-content\/uploads\/2023\/03\/230312-respalar-al-Ejercito-2-1024x683.jpg?ssl=1&w=640&resize=640&ssl=1 640w, https:\/\/i2.wp.com\/interaccionnoticias.com.mx\/wp-content\/uploads\/2023\/03\/230312-respalar-al-Ejercito-2-1024x683.jpg?ssl=1&w=800&resize=800&ssl=1 800w, https:\/\/i2.wp.com\/interaccionnoticias.com.mx\/wp-content\/uploads\/2023\/03\/230312-respalar-al-Ejercito-2-1024x683.jpg?ssl=1&w=1024&resize=1024&ssl=1 1024w, https:\/\/i2.wp.com\/interaccionnoticias.com.mx\/wp-content\/uploads\/2023\/03\/230312-respalar-al-Ejercito-2-1024x683.jpg?ssl=1&w=1280&resize=1280&ssl=1 1280w, https:\/\/i2.wp.com\/interaccionnoticias.com.mx\/wp-content\/uploads\/2023\/03\/230312-respalar-al-Ejercito-2-1024x683.jpg?ssl=1&w=1600&resize=1600&ssl=1 1600w\" alt=\"\" class=\"wp-block-jetpack-slideshow_image wp-image-58791\" data-id=\"58791\" fifu-data-src=\"https:\/\/i2.wp.com\/interaccionnoticias.com.mx\/wp-content\/uploads\/2023\/03\/230312-respalar-al-Ejercito-2-1024x683.jpg?ssl=1\"\/><\/figure><\/li><li class=\"wp-block-jetpack-slideshow_slide swiper-slide\"><figure><img decoding=\"async\" src=\"data:image\/gif;base64,R0lGODlhAQABAIAAAAAAAP\/\/\/ywAAAAAAQABAAACAUwAOw==\" fifu-lazy=\"1\" fifu-data-sizes=\"auto\" fifu-data-srcset=\"https:\/\/i1.wp.com\/interaccionnoticias.com.mx\/wp-content\/uploads\/2023\/03\/230312-respalar-al-Ejercito-1-1024x683.jpg?ssl=1&w=75&resize=75&ssl=1 75w, https:\/\/i1.wp.com\/interaccionnoticias.com.mx\/wp-content\/uploads\/2023\/03\/230312-respalar-al-Ejercito-1-1024x683.jpg?ssl=1&w=100&resize=100&ssl=1 100w, https:\/\/i1.wp.com\/interaccionnoticias.com.mx\/wp-content\/uploads\/2023\/03\/230312-respalar-al-Ejercito-1-1024x683.jpg?ssl=1&w=150&resize=150&ssl=1 150w, https:\/\/i1.wp.com\/interaccionnoticias.com.mx\/wp-content\/uploads\/2023\/03\/230312-respalar-al-Ejercito-1-1024x683.jpg?ssl=1&w=240&resize=240&ssl=1 240w, https:\/\/i1.wp.com\/interaccionnoticias.com.mx\/wp-content\/uploads\/2023\/03\/230312-respalar-al-Ejercito-1-1024x683.jpg?ssl=1&w=320&resize=320&ssl=1 320w, https:\/\/i1.wp.com\/interaccionnoticias.com.mx\/wp-content\/uploads\/2023\/03\/230312-respalar-al-Ejercito-1-1024x683.jpg?ssl=1&w=500&resize=500&ssl=1 500w, https:\/\/i1.wp.com\/interaccionnoticias.com.mx\/wp-content\/uploads\/2023\/03\/230312-respalar-al-Ejercito-1-1024x683.jpg?ssl=1&w=640&resize=640&ssl=1 640w, https:\/\/i1.wp.com\/interaccionnoticias.com.mx\/wp-content\/uploads\/2023\/03\/230312-respalar-al-Ejercito-1-1024x683.jpg?ssl=1&w=800&resize=800&ssl=1 800w, https:\/\/i1.wp.com\/interaccionnoticias.com.mx\/wp-content\/uploads\/2023\/03\/230312-respalar-al-Ejercito-1-1024x683.jpg?ssl=1&w=1024&resize=1024&ssl=1 1024w, https:\/\/i1.wp.com\/interaccionnoticias.com.mx\/wp-content\/uploads\/2023\/03\/230312-respalar-al-Ejercito-1-1024x683.jpg?ssl=1&w=1280&resize=1280&ssl=1 1280w, https:\/\/i1.wp.com\/interaccionnoticias.com.mx\/wp-content\/uploads\/2023\/03\/230312-respalar-al-Ejercito-1-1024x683.jpg?ssl=1&w=1600&resize=1600&ssl=1 1600w\" alt=\"\" class=\"wp-block-jetpack-slideshow_image wp-image-58792\" data-id=\"58792\" fifu-data-src=\"https:\/\/i1.wp.com\/interaccionnoticias.com.mx\/wp-content\/uploads\/2023\/03\/230312-respalar-al-Ejercito-1-1024x683.jpg?ssl=1\"\/><\/figure><\/li><\/ul><a class=\"wp-block-jetpack-slideshow_button-prev swiper-button-prev swiper-button-white\" role=\"button\"><\/a><a class=\"wp-block-jetpack-slideshow_button-next swiper-button-next swiper-button-white\" role=\"button\"><\/a><a aria-label=\"Pause Slideshow\" class=\"wp-block-jetpack-slideshow_button-pause\" role=\"button\"><\/a><div class=\"wp-block-jetpack-slideshow_pagination swiper-pagination swiper-pagination-white\"><\/div><\/div><\/div>\n","protected":false},"excerpt":{"rendered":"<p>&#8212; En respaldo a los detenidos por el caso Tamaulipas Jes\u00fas Dorantes Chilpancingo, Gro.- Familiares y amigos de elementos del Ej\u00e9rcito Mexicano marcharon en las ciudades de Chilpancingo, Iguala y&hellip; <\/p>\n","protected":false},"author":8,"featured_media":58792,"comment_status":"open","ping_status":"open","sticky":false,"template":"","format":"standard","meta":{"fifu_image_url":"","fifu_image_alt":"","footnotes":""},"categories":[29],"tags":[],"class_list":["post-58790","post","type-post","status-publish","format-standard","has-post-thumbnail","hentry","category-sociedad"],"_links":{"self":[{"href":"https:\/\/www.interaccionnoticias.com.mx\/index.php?rest_route=\/wp\/v2\/posts\/58790","targetHints":{"allow":["GET"]}}],"collection":[{"href":"https:\/\/www.interaccionnoticias.com.mx\/index.php?rest_route=\/wp\/v2\/posts"}],"about":[{"href":"https:\/\/www.interaccionnoticias.com.mx\/index.php?rest_route=\/wp\/v2\/types\/post"}],"author":[{"embeddable":true,"href":"https:\/\/www.interaccionnoticias.com.mx\/index.php?rest_route=\/wp\/v2\/users\/8"}],"replies":[{"embeddable":true,"href":"https:\/\/www.interaccionnoticias.com.mx\/index.php?rest_route=%2Fwp%2Fv2%2Fcomments&post=58790"}],"version-history":[{"count":1,"href":"https:\/\/www.interaccionnoticias.com.mx\/index.php?rest_route=\/wp\/v2\/posts\/58790\/revisions"}],"predecessor-version":[{"id":58793,"href":"https:\/\/www.interaccionnoticias.com.mx\/index.php?rest_route=\/wp\/v2\/posts\/58790\/revisions\/58793"}],"wp:featuredmedia":[{"embeddable":true,"href":"https:\/\/www.interaccionnoticias.com.mx\/index.php?rest_route=\/wp\/v2\/media\/58792"}],"wp:attachment":[{"href":"https:\/\/www.interaccionnoticias.com.mx\/index.php?rest_route=%2Fwp%2Fv2%2Fmedia&parent=58790"}],"wp:term":[{"taxonomy":"category","embeddable":true,"href":"https:\/\/www.interaccionnoticias.com.mx\/index.php?rest_route=%2Fwp%2Fv2%2Fcategories&post=58790"},{"taxonomy":"post_tag","embeddable":true,"href":"https:\/\/www.interaccionnoticias.com.mx\/index.php?rest_route=%2Fwp%2Fv2%2Ftags&post=58790"}],"curies":[{"name":"wp","href":"https:\/\/api.w.org\/{rel}","templated":true}]}}