{"id":58751,"date":"2023-03-10T20:06:49","date_gmt":"2023-03-11T02:06:49","guid":{"rendered":"https:\/\/interaccionnoticias.com.mx\/?p=58751"},"modified":"2023-03-10T20:06:54","modified_gmt":"2023-03-11T02:06:54","slug":"es-un-mentiroso-jacinto-gonzalez-aseguro-carlos-milan-dirigente-del-pan-en-guerrero","status":"publish","type":"post","link":"https:\/\/www.interaccionnoticias.com.mx\/?p=58751","title":{"rendered":"\u00abEs un mentiroso Jacinto Gonz\u00e1lez\u00bb, asegur\u00f3 Carlos Mil\u00e1n, dirigente del PAN en Guerrero"},"content":{"rendered":"\n<p><strong><em>&#8212; Lo anterior tras los se\u00f1alamientos que hizo el dirigente de Morena contra los gobiernos del PRI, PAN y PRD<\/em><\/strong><\/p>\n\n\n\n<p><strong>Rosario Garc\u00eda Orozco<\/strong><\/p>\n\n\n\n<p><strong>Chilpancingo, Gro., 10 de marzo del 2023.-<\/strong> Luego de sus declaraciones en contra de los gobiernos municipales del PRI, PAN y PRD, Jacinto Gonz\u00e1lez Varona, dirigente estatal de Morena, fue calificado como \u00abmentiroso\u00bb, por el presidente del Partido Acci\u00f3n Nacional en Guerrero, Carlos Mill\u00e1n S\u00e1nchez.<\/p>\n\n\n\n<p>\u201cEs una persona que miente reiteradamente, no declara con argumentos, no lo hace con sustentos, y adem\u00e1s enga\u00f1a a su propia militancia. El est\u00e1 impugnado por su suplente por ocupar un cargo al cual no lleg\u00f3 honestamente\u201d, asegur\u00f3 el dirigente del blanquiaz\u00fal.<\/p>\n\n\n\n<p>Record\u00f3 que con base a los estatutos de Morena, los militantes de ese partido no pueden ocupar dos cargos al mismo tiempo como es su caso; porque es diputado local y dirigente estatal de Morena al mismo tiempo.<\/p>\n\n\n\n<p>En defensa de los gobiernos panistas, Mill\u00e1n S\u00e1nchez refiri\u00f3 que son los que mejores resultados est\u00e1n dando, y puso como ejemplo a Pilcaya y Tepecuacuilco, donde gobierna en blanquiazul y mantienen una buena evaluaci\u00f3n por parte de los habitantes de esos municipios.<\/p>\n\n\n\n<p>\u201cEso quiere decir que la ciudadan\u00eda califica bien a sus gobernantes, y sin embargo, no podemos hablar igual de Chilpancingo o de Acapulco, donde s\u00ed se han incrementado los feminicidios, los cr\u00edmenes y hay que recordarle a Jacinto Gonz\u00e1lez que cuando inici\u00f3 la violencia extrema en Acapulco, \u00bfquien gobernaba Acapulco?\u201d, cuestion\u00f3.<\/p>\n\n\n\n<p>Por eso pidi\u00f3 al dirigente morenista revisar primero \u201csu casa\u201d, y que los gobiernos que representan a su partido se reivindiquen, porque en materia de seguridad \u201cno est\u00e1n tan bien\u201d.<\/p>\n\n\n\n<p>Le recomend\u00f3 que primero analice el estado que guardan los municipios que gobierna Morena y despu\u00e9s hable con sustento y pruebas para denunciar, a los gobiernos donde asegura que hay infiltraci\u00f3n del crimen organizado.<\/p>\n\n\n\n<p>Mill\u00e1n S\u00e1nchez pidi\u00f3 al morenista presentar las pruebas correspondientes y exigir que se investigue lo que \u00e9l denunci\u00f3, \u201cpero no, solo est\u00e1 haci\u00e9ndolo medi\u00e1tico a causa de una nota que public\u00f3 Reforma, y que afect\u00f3 a la gobernadora Evelyn Salgado y por eso se sienten agraviados\u201d.<\/p>\n\n\n\n<p>\u201cYo invito al dirigente estatal que antes de hacer declaraciones temerarias, tenga los argumentos suficientes y que empiece por su casa, porque de verdad que Acapulco est\u00e1 muy grave la situaci\u00f3n en materia de seguridad, todos los d\u00edas hay muertos, todos los d\u00edas asesinan a personas, incluso en la franja tur\u00edstica\u201d, insisti\u00f3 el l\u00edder de Acci\u00f3n Nacional.<\/p>\n","protected":false},"excerpt":{"rendered":"<p>&#8212; Lo anterior tras los se\u00f1alamientos que hizo el dirigente de Morena contra los gobiernos del PRI, PAN y PRD Rosario Garc\u00eda Orozco Chilpancingo, Gro., 10 de marzo del 2023.-&hellip; <\/p>\n","protected":false},"author":14,"featured_media":56701,"comment_status":"open","ping_status":"open","sticky":false,"template":"","format":"standard","meta":{"fifu_image_url":"","fifu_image_alt":"","footnotes":""},"categories":[21],"tags":[],"class_list":["post-58751","post","type-post","status-publish","format-standard","has-post-thumbnail","hentry","category-politica"],"_links":{"self":[{"href":"https:\/\/www.interaccionnoticias.com.mx\/index.php?rest_route=\/wp\/v2\/posts\/58751","targetHints":{"allow":["GET"]}}],"collection":[{"href":"https:\/\/www.interaccionnoticias.com.mx\/index.php?rest_route=\/wp\/v2\/posts"}],"about":[{"href":"https:\/\/www.interaccionnoticias.com.mx\/index.php?rest_route=\/wp\/v2\/types\/post"}],"author":[{"embeddable":true,"href":"https:\/\/www.interaccionnoticias.com.mx\/index.php?rest_route=\/wp\/v2\/users\/14"}],"replies":[{"embeddable":true,"href":"https:\/\/www.interaccionnoticias.com.mx\/index.php?rest_route=%2Fwp%2Fv2%2Fcomments&post=58751"}],"version-history":[{"count":1,"href":"https:\/\/www.interaccionnoticias.com.mx\/index.php?rest_route=\/wp\/v2\/posts\/58751\/revisions"}],"predecessor-version":[{"id":58752,"href":"https:\/\/www.interaccionnoticias.com.mx\/index.php?rest_route=\/wp\/v2\/posts\/58751\/revisions\/58752"}],"wp:featuredmedia":[{"embeddable":true,"href":"https:\/\/www.interaccionnoticias.com.mx\/index.php?rest_route=\/wp\/v2\/media\/56701"}],"wp:attachment":[{"href":"https:\/\/www.interaccionnoticias.com.mx\/index.php?rest_route=%2Fwp%2Fv2%2Fmedia&parent=58751"}],"wp:term":[{"taxonomy":"category","embeddable":true,"href":"https:\/\/www.interaccionnoticias.com.mx\/index.php?rest_route=%2Fwp%2Fv2%2Fcategories&post=58751"},{"taxonomy":"post_tag","embeddable":true,"href":"https:\/\/www.interaccionnoticias.com.mx\/index.php?rest_route=%2Fwp%2Fv2%2Ftags&post=58751"}],"curies":[{"name":"wp","href":"https:\/\/api.w.org\/{rel}","templated":true}]}}