{"id":58740,"date":"2023-03-10T16:47:52","date_gmt":"2023-03-10T22:47:52","guid":{"rendered":"https:\/\/interaccionnoticias.com.mx\/?p=58740"},"modified":"2023-03-10T16:47:57","modified_gmt":"2023-03-10T22:47:57","slug":"soy-ratero-conozcanme","status":"publish","type":"post","link":"https:\/\/www.interaccionnoticias.com.mx\/?p=58740","title":{"rendered":"\u00abSoy ratero, conozcanme\u00bb"},"content":{"rendered":"\n<p><strong><em>&#8212; Comerciantes detienen a presunto ladr\u00f3n y lo exhiben<\/em><\/strong><\/p>\n\n\n\n<p><strong>Rogelio Agust\u00edn<\/strong><\/p>\n\n\n\n<p>Comerciantes del primer cuadro de la ciudad detuvieron a un presunto ladr\u00f3n de mercanc\u00eda, lo amarraron y antes de entregarlo a la polic\u00eda lo forraron con una cartulina que dec\u00eda: \u00absoy ratero, conozcanme\u00bb.<\/p>\n\n\n\n<p>El hecho se registr\u00f3 la ma\u00f1ana del viernes en el centro de la capital del estado, cuando los comerciantes identificaron al presunto delincuente y tras perseguirlo lo sometieron.<\/p>\n\n\n\n<p>Una vez con el supuesto ladr\u00f3n bajo control, lo amarraron y rodearon la parte media de su cuerpo con una cartulina, a la que le escribieron la frase: \u00abSoy ratero\u00bb y lo forraron con durex.<\/p>\n\n\n\n<p>Elementos de la Secretar\u00eda de Seguridad y Protecci\u00f3n Ciudadana Municipal, realizaron el traslado del hombre a las instalaciones de la barandilla como presunto delincuente.<\/p>\n\n\n\n<p>Lo acusaron del robo de mercanc\u00eda, una vez realizada la detenci\u00f3n y el traslado, el masculino qued\u00f3 a disposici\u00f3n del juez calificador.<\/p>\n\n\n\n<p>Las partes agraviadas no procedieron con las respectivas denuncias.<\/p>\n\n\n\n<p>Por instrucci\u00f3n de la presidenta municipal Norma Otilia Hern\u00e1ndez Mart\u00ednez, la Secretar\u00eda de Seguridad y Protecci\u00f3n Ciudadana Municipal, anunciaron que incrementar\u00e1 la presencia en la zona centro y calles aleda\u00f1as, as\u00ed tambi\u00e9n, se reitera el llamado a la ciudadan\u00eda a realizar las denuncias correspondientes para formalizar el delito y contribuir con ello a generar espacios seguros y que se sancione conforme a la ley a quienes act\u00faen fuera del marco legal.<\/p>\n","protected":false},"excerpt":{"rendered":"<p>&#8212; Comerciantes detienen a presunto ladr\u00f3n y lo exhiben Rogelio Agust\u00edn Comerciantes del primer cuadro de la ciudad detuvieron a un presunto ladr\u00f3n de mercanc\u00eda, lo amarraron y antes de&hellip; <\/p>\n","protected":false},"author":21,"featured_media":58742,"comment_status":"open","ping_status":"open","sticky":false,"template":"","format":"standard","meta":{"fifu_image_url":"","fifu_image_alt":"","footnotes":""},"categories":[1],"tags":[],"class_list":["post-58740","post","type-post","status-publish","format-standard","has-post-thumbnail","hentry","category-uncategorized"],"_links":{"self":[{"href":"https:\/\/www.interaccionnoticias.com.mx\/index.php?rest_route=\/wp\/v2\/posts\/58740","targetHints":{"allow":["GET"]}}],"collection":[{"href":"https:\/\/www.interaccionnoticias.com.mx\/index.php?rest_route=\/wp\/v2\/posts"}],"about":[{"href":"https:\/\/www.interaccionnoticias.com.mx\/index.php?rest_route=\/wp\/v2\/types\/post"}],"author":[{"embeddable":true,"href":"https:\/\/www.interaccionnoticias.com.mx\/index.php?rest_route=\/wp\/v2\/users\/21"}],"replies":[{"embeddable":true,"href":"https:\/\/www.interaccionnoticias.com.mx\/index.php?rest_route=%2Fwp%2Fv2%2Fcomments&post=58740"}],"version-history":[{"count":1,"href":"https:\/\/www.interaccionnoticias.com.mx\/index.php?rest_route=\/wp\/v2\/posts\/58740\/revisions"}],"predecessor-version":[{"id":58743,"href":"https:\/\/www.interaccionnoticias.com.mx\/index.php?rest_route=\/wp\/v2\/posts\/58740\/revisions\/58743"}],"wp:featuredmedia":[{"embeddable":true,"href":"https:\/\/www.interaccionnoticias.com.mx\/index.php?rest_route=\/wp\/v2\/media\/58742"}],"wp:attachment":[{"href":"https:\/\/www.interaccionnoticias.com.mx\/index.php?rest_route=%2Fwp%2Fv2%2Fmedia&parent=58740"}],"wp:term":[{"taxonomy":"category","embeddable":true,"href":"https:\/\/www.interaccionnoticias.com.mx\/index.php?rest_route=%2Fwp%2Fv2%2Fcategories&post=58740"},{"taxonomy":"post_tag","embeddable":true,"href":"https:\/\/www.interaccionnoticias.com.mx\/index.php?rest_route=%2Fwp%2Fv2%2Ftags&post=58740"}],"curies":[{"name":"wp","href":"https:\/\/api.w.org\/{rel}","templated":true}]}}