{"id":58721,"date":"2023-03-10T13:01:55","date_gmt":"2023-03-10T19:01:55","guid":{"rendered":"https:\/\/interaccionnoticias.com.mx\/?p=58721"},"modified":"2023-03-10T13:02:00","modified_gmt":"2023-03-10T19:02:00","slug":"trabajadora-de-la-rectoria-de-la-uagro-denuncia-irregularidades-administrativas-en-su-proceso-de-jubilacion","status":"publish","type":"post","link":"https:\/\/www.interaccionnoticias.com.mx\/?p=58721","title":{"rendered":"Trabajadora de la Rector\u00eda de la UAGro denuncia irregularidades administrativas en su proceso de jubilaci\u00f3n"},"content":{"rendered":"\n<p><strong><em>&#8212; Con tendedero en el acceso principal a la rector\u00eda, evidenci\u00f3 algunas omisiones de funcionarios<br>&#8212; En septiembre firmaron un convenio para cumplir con su proceso y no se ha concretado<br>&#8212; Lament\u00f3 que a pesar de que el rector tiene conocimiento de su caso no se le de soluci\u00f3n<\/em><\/strong><\/p>\n\n\n\n<p><strong>Rosario Garc\u00eda Orozco<\/strong><\/p>\n\n\n\n<p>Chilpancingo, Gro., 10 de marzo del 2023.- Una trabajadora de la Rector\u00eda de la Universidad Aut\u00f3noma de Guerrero (UAGRO) denunci\u00f3 una serie de irregularidades administrativas en su proceso de jubilaci\u00f3n y para asignar su plaza a un hijo, como lo contempla el contrato colectivo de Trabajo de la M\u00e1xima Casa de Estudios.<\/p>\n\n\n\n<p>Se trata de Mar\u00eda Dolores Garc\u00eda Castro, trabajadora administrativa de la Unidad Legislativa de la UAGRO, quien coloc\u00f3 un tendedero en el acceso principal a la rector\u00eda universitaria para denunciar que desde hace 5 a\u00f1os est\u00e1 solicitando que la plaza que ella tiene se le asigne a un hijo, como le corresponde por derecho, tras 40 a\u00f1os de estar laborando en la universidad, pero que no le han dado soluci\u00f3n a esa petici\u00f3n, por lo que en septiembre pasado se instal\u00f3 en huelga, y fue atendida por autoridades universitarias, con quienes firm\u00f3 un convenio para pronta soluci\u00f3n.<\/p>\n\n\n\n<p>Sin embargo, dijo, es la fecha en que no le dan respuesta, \u00abyo no pido nada que est\u00e9 fuera de la ley, el Contrato Colectivo de Trabajo lo establece y es mi derecho, tengo la propuesta debidamente requisitada, donde yo puedo proponer a un familiar directo y desde hace m\u00e1s de 5 a\u00f1os lo he estado haciendo, pero no lo han aprobado, como tampoco me han pagado el seguro por viudez y la indemnizaci\u00f3n correspondiente, que son compromisos firmados en el convenio desde septiembre pasado\u00bb, y sin avanzar en esos temas no puede iniciar su proceso de jubilacion, asegur\u00f3.<\/p>\n\n\n\n<p>Consider\u00f3 que en parte, las irregularidades y la evaci\u00f3n para solucionar su demanda tiene que ver con el hecho de que no forma parte del grupo pol\u00edtico de la actual administraci\u00f3n de la rector\u00eda universitaria, pero asegur\u00f3 que todos los trabajadores tienen derecho a ser escuchados y que sus tr\u00e1mites tengan un curso normal sin afectaciones solo porque no sirvan a los mismos intereses.<\/p>\n\n\n\n<p>Aparte de su caso, Dolores Garc\u00eda tambi\u00e9n denunci\u00f3 que una de sus compa\u00f1eras, Bernab\u00e9 Hern\u00e1ndez ha sufrido acoso sexual de parte de Pablo Valdez Guerrero, director de Asuntos Jur\u00eddicos de la Uagro y que a pesar de que la denuncia ya se hizo llegar a las instancias correspondientes, no se ha resuelto ni se ha castigado al acosador.<\/p>\n\n\n\n<p>Advirti\u00f3 que si las autoridades universitarias no le dan respuesta a sus demandas, a partir de la fecha va a intensificar su protesta, para hacerla llegar hasta las \u00faltimas consecuencias, incluso con una demanda ante el Tribunal Laboral y ante la Fiscal\u00eda General de la Rep\u00fablica por corrupci\u00f3n, \u00aby es que desde hace por lo menos 5 meses se han ido acumulando varias demandas de compa\u00f1eras a las que las autoridades no las atienden, como tambi\u00e9n es el caso de las estudiantes de la prepa 9 que ya no aguantan a sus maestros y sus compa\u00f1eros acosadores\u00bb.<\/p>\n\n\n\n<p>La quejosa mencion\u00f3 que el rector Jos\u00e9 Alfredo Romero Olea ya tiene conocimiento de la problem\u00e1tica que ella enfrenta, y lament\u00f3 que a pesar de ello no se avance en sus tr\u00e1mites, \u00abpor el contrario me ponen freno en cada uno de los pasos que doy para exigir mi derecho\u00bb.<\/p>\n","protected":false},"excerpt":{"rendered":"<p>&#8212; Con tendedero en el acceso principal a la rector\u00eda, evidenci\u00f3 algunas omisiones de funcionarios&#8212; En septiembre firmaron un convenio para cumplir con su proceso y no se ha concretado&#8212;&hellip; <\/p>\n","protected":false},"author":14,"featured_media":58722,"comment_status":"open","ping_status":"open","sticky":false,"template":"","format":"standard","meta":{"fifu_image_url":"","fifu_image_alt":"","footnotes":""},"categories":[30],"tags":[],"class_list":["post-58721","post","type-post","status-publish","format-standard","has-post-thumbnail","hentry","category-universidad"],"_links":{"self":[{"href":"https:\/\/www.interaccionnoticias.com.mx\/index.php?rest_route=\/wp\/v2\/posts\/58721","targetHints":{"allow":["GET"]}}],"collection":[{"href":"https:\/\/www.interaccionnoticias.com.mx\/index.php?rest_route=\/wp\/v2\/posts"}],"about":[{"href":"https:\/\/www.interaccionnoticias.com.mx\/index.php?rest_route=\/wp\/v2\/types\/post"}],"author":[{"embeddable":true,"href":"https:\/\/www.interaccionnoticias.com.mx\/index.php?rest_route=\/wp\/v2\/users\/14"}],"replies":[{"embeddable":true,"href":"https:\/\/www.interaccionnoticias.com.mx\/index.php?rest_route=%2Fwp%2Fv2%2Fcomments&post=58721"}],"version-history":[{"count":1,"href":"https:\/\/www.interaccionnoticias.com.mx\/index.php?rest_route=\/wp\/v2\/posts\/58721\/revisions"}],"predecessor-version":[{"id":58723,"href":"https:\/\/www.interaccionnoticias.com.mx\/index.php?rest_route=\/wp\/v2\/posts\/58721\/revisions\/58723"}],"wp:featuredmedia":[{"embeddable":true,"href":"https:\/\/www.interaccionnoticias.com.mx\/index.php?rest_route=\/wp\/v2\/media\/58722"}],"wp:attachment":[{"href":"https:\/\/www.interaccionnoticias.com.mx\/index.php?rest_route=%2Fwp%2Fv2%2Fmedia&parent=58721"}],"wp:term":[{"taxonomy":"category","embeddable":true,"href":"https:\/\/www.interaccionnoticias.com.mx\/index.php?rest_route=%2Fwp%2Fv2%2Fcategories&post=58721"},{"taxonomy":"post_tag","embeddable":true,"href":"https:\/\/www.interaccionnoticias.com.mx\/index.php?rest_route=%2Fwp%2Fv2%2Ftags&post=58721"}],"curies":[{"name":"wp","href":"https:\/\/api.w.org\/{rel}","templated":true}]}}