{"id":58708,"date":"2023-03-09T20:03:45","date_gmt":"2023-03-10T02:03:45","guid":{"rendered":"https:\/\/interaccionnoticias.com.mx\/?p=58708"},"modified":"2023-03-09T20:03:50","modified_gmt":"2023-03-10T02:03:50","slug":"comparece-astudillo-ante-el-tepjf-pide-que-alito-se-vaya-del-cen-del-pri","status":"publish","type":"post","link":"https:\/\/www.interaccionnoticias.com.mx\/?p=58708","title":{"rendered":"Comparece Astudillo ante el TEPJF, pide que Alito se vaya del CEN del PRI"},"content":{"rendered":"\n<p><em><strong>&#8212; Solicita al \u00f3rgano jurisdiccional que se ratifique la resoluci\u00f3n del INE<br>&#8212; \u201cAlito abus\u00f3 y se debe ir del Comit\u00e9 Nacional\u201d, se\u00f1ala el ex gobernador de Guerrero<\/strong><\/em><\/p>\n\n\n\n<p><strong>Rogelio Agust\u00edn<\/strong><\/p>\n\n\n\n<p>El ex gobernador de Guerrero, H\u00e9ctor Astudillo Flores compareci\u00f3 ante el Tribunal Electoral del Poder Judicial de la Federaci\u00f3n (TEPJF) para afianzar la posibilidad de que Alejandro Moreno C\u00e1rdenas deje la dirigencia nacional del PRI antes de los comicios de 2024.<\/p>\n\n\n\n<p>Astudillo Flores record\u00f3 que el pasado 27 de febrero, el Consejo General del Instituto Nacional Electoral (INE) declar\u00f3 improcedentes las reformas al Estatuto General del PRI, con las que Moreno C\u00e1rdenas prolongaba su permanencia en la presidencia del Comit\u00e9 Ejecutivo Nacional (CEN).<\/p>\n\n\n\n<p>Este d\u00eda, Astudillo Flores inform\u00f3 que se present\u00f3 ante el Tribunal Electoral Federal, para solicitar que se ratifique la determinaci\u00f3n del INE, en el sentido de que las reformas estatutarias aprobadas en el inicio del a\u00f1o son ilegales.<\/p>\n\n\n\n<p>\u201cAliso abus\u00f3 y debe irse del PRI nacional\u201d, se\u00f1ala en su publicaci\u00f3n el ex gobernador de Guerrero.<\/p>\n\n\n\n<p>Sostiene que lo correcto en estos momentos, es que no debe haber m\u00e1s enga\u00f1os a la militancia, tampoco un partido que solamente obedezca a los intereses de las c\u00fapulas.<\/p>\n\n\n\n<p>El ex gobernador de Guerrero acudi\u00f3 en calidad de tercero interesado, ante la Sala Superior del Tribunal Electoral del Poder Judicial de la Federaci\u00f3n, para solicitar que se ratifique lo ya aprobado por el Consejo General del INE.<\/p>\n\n\n\n<p>En ocasiones anteriores, el ex gobernador ha se\u00f1alado que la permanencia de Moreno C\u00e1rdenas en la dirigencia nacional del PRI tendr\u00e1 efectos negativos para dijo instituto pol\u00edtico, particularmente de cara a los comicios del 2024.<\/p>\n","protected":false},"excerpt":{"rendered":"<p>&#8212; Solicita al \u00f3rgano jurisdiccional que se ratifique la resoluci\u00f3n del INE&#8212; \u201cAlito abus\u00f3 y se debe ir del Comit\u00e9 Nacional\u201d, se\u00f1ala el ex gobernador de Guerrero Rogelio Agust\u00edn El&hellip; <\/p>\n","protected":false},"author":21,"featured_media":58709,"comment_status":"open","ping_status":"open","sticky":false,"template":"","format":"standard","meta":{"fifu_image_url":"","fifu_image_alt":"","footnotes":""},"categories":[21],"tags":[],"class_list":["post-58708","post","type-post","status-publish","format-standard","has-post-thumbnail","hentry","category-politica"],"_links":{"self":[{"href":"https:\/\/www.interaccionnoticias.com.mx\/index.php?rest_route=\/wp\/v2\/posts\/58708","targetHints":{"allow":["GET"]}}],"collection":[{"href":"https:\/\/www.interaccionnoticias.com.mx\/index.php?rest_route=\/wp\/v2\/posts"}],"about":[{"href":"https:\/\/www.interaccionnoticias.com.mx\/index.php?rest_route=\/wp\/v2\/types\/post"}],"author":[{"embeddable":true,"href":"https:\/\/www.interaccionnoticias.com.mx\/index.php?rest_route=\/wp\/v2\/users\/21"}],"replies":[{"embeddable":true,"href":"https:\/\/www.interaccionnoticias.com.mx\/index.php?rest_route=%2Fwp%2Fv2%2Fcomments&post=58708"}],"version-history":[{"count":1,"href":"https:\/\/www.interaccionnoticias.com.mx\/index.php?rest_route=\/wp\/v2\/posts\/58708\/revisions"}],"predecessor-version":[{"id":58710,"href":"https:\/\/www.interaccionnoticias.com.mx\/index.php?rest_route=\/wp\/v2\/posts\/58708\/revisions\/58710"}],"wp:featuredmedia":[{"embeddable":true,"href":"https:\/\/www.interaccionnoticias.com.mx\/index.php?rest_route=\/wp\/v2\/media\/58709"}],"wp:attachment":[{"href":"https:\/\/www.interaccionnoticias.com.mx\/index.php?rest_route=%2Fwp%2Fv2%2Fmedia&parent=58708"}],"wp:term":[{"taxonomy":"category","embeddable":true,"href":"https:\/\/www.interaccionnoticias.com.mx\/index.php?rest_route=%2Fwp%2Fv2%2Fcategories&post=58708"},{"taxonomy":"post_tag","embeddable":true,"href":"https:\/\/www.interaccionnoticias.com.mx\/index.php?rest_route=%2Fwp%2Fv2%2Ftags&post=58708"}],"curies":[{"name":"wp","href":"https:\/\/api.w.org\/{rel}","templated":true}]}}