{"id":58705,"date":"2023-03-09T19:50:49","date_gmt":"2023-03-10T01:50:49","guid":{"rendered":"https:\/\/interaccionnoticias.com.mx\/?p=58705"},"modified":"2023-03-09T19:50:53","modified_gmt":"2023-03-10T01:50:53","slug":"en-este-ano-cerca-de-2-mil-500-hectareas-han-sido-consumidas-por-incendios-forestales-en-guerrero","status":"publish","type":"post","link":"https:\/\/www.interaccionnoticias.com.mx\/?p=58705","title":{"rendered":"En este a\u00f1o cerca de 2 mil 500 hect\u00e1reas han sido consumidas por incendios forestales en Guerrero"},"content":{"rendered":"\n<p><strong>Rosario Garc\u00eda Orozco<\/strong><\/p>\n\n\n\n<p><strong>Chilpancingo, Gro., 9 de marzo del 2023.-<\/strong> En el transcurso del presente a\u00f1o, en Guerrero se han registrado un total de 28 incendios forestales, con una afectaci\u00f3n de dos mil 479 hect\u00e1reas, una cifra mayor que en la misma temporada del a\u00f1o anterior, cuando se registraron 14 siniestros que da\u00f1aron 397.6 hect\u00e1reas.<\/p>\n\n\n\n<p>As\u00ed lo inform\u00f3 el secretario de Gesti\u00f3n Integral de Riesgos y Protecci\u00f3n Civil, Roberto Arroyo Matus, quien agreg\u00f3 que si nos incendios forestales son preocuip\u00e1ntes, lo son tambi\u00e9n los urbanos y suburbanos, [los que se registran en lotes bald\u00edos en las ciudades cuando se deja crecer la hierba que se seca y es presa f\u00e1cil del fuego\u00bb.<\/p>\n\n\n\n<p>Por lo que recomend\u00f3 a la poblaci\u00f3n en general acercarse a sus autoridades municipales para que les ayuden a limpiar los terrenos, realizar brechas corta-fuego, para evitar que las llamas llegue a las casas.<\/p>\n\n\n\n<p>Explic\u00f3 que de acuerdo a las estad\u00edsticas de esa dependencia, adem\u00e1s de los 28 incendios forestales que han afectado un total de dos mil 479 hect\u00e1reas, tambi\u00e9n se llevan contabilizados 84 siniestros urbanos que han quemado poco m\u00e1s de 154 hect\u00e1reas, 165 incendios suburbanos que han dejado da\u00f1os en m\u00e1s de 508 hect\u00e1reas, as\u00ed como 13 siniestros en basureros que han afectado m\u00e1s de 13 hect\u00e1reas.<\/p>\n\n\n\n<p>Seg\u00fan los reportes con que cuenta esa dependencia, hasta este jueves, s\u00f3lo se encontraba activo pero controlado, un incendio forestal en la comunidad de El Capul\u00edn, municipio de Tlacoachistlahuaca, regi\u00f3n de la Costa Chica de Guerrero.<\/p>\n\n\n\n<p>Arroyo M\u00e1tuz pidi\u00f3 a la sociedad ser consciente y evitar incendios porque pueden causar severas complicaciones de salud, pero tambi\u00e9n lesiones y adem\u00e1s p\u00e1rdida de vidas humanas, as\u00ed como p\u00e9rdida de su patrimonio, \u00abporque hay incendios que se salen de control\u00bb.<\/p>\n","protected":false},"excerpt":{"rendered":"<p>Rosario Garc\u00eda Orozco Chilpancingo, Gro., 9 de marzo del 2023.- En el transcurso del presente a\u00f1o, en Guerrero se han registrado un total de 28 incendios forestales, con una afectaci\u00f3n&hellip; <\/p>\n","protected":false},"author":14,"featured_media":58706,"comment_status":"open","ping_status":"open","sticky":false,"template":"","format":"standard","meta":{"fifu_image_url":"","fifu_image_alt":"","footnotes":""},"categories":[9],"tags":[],"class_list":["post-58705","post","type-post","status-publish","format-standard","has-post-thumbnail","hentry","category-fenomenos-naturales"],"_links":{"self":[{"href":"https:\/\/www.interaccionnoticias.com.mx\/index.php?rest_route=\/wp\/v2\/posts\/58705","targetHints":{"allow":["GET"]}}],"collection":[{"href":"https:\/\/www.interaccionnoticias.com.mx\/index.php?rest_route=\/wp\/v2\/posts"}],"about":[{"href":"https:\/\/www.interaccionnoticias.com.mx\/index.php?rest_route=\/wp\/v2\/types\/post"}],"author":[{"embeddable":true,"href":"https:\/\/www.interaccionnoticias.com.mx\/index.php?rest_route=\/wp\/v2\/users\/14"}],"replies":[{"embeddable":true,"href":"https:\/\/www.interaccionnoticias.com.mx\/index.php?rest_route=%2Fwp%2Fv2%2Fcomments&post=58705"}],"version-history":[{"count":1,"href":"https:\/\/www.interaccionnoticias.com.mx\/index.php?rest_route=\/wp\/v2\/posts\/58705\/revisions"}],"predecessor-version":[{"id":58707,"href":"https:\/\/www.interaccionnoticias.com.mx\/index.php?rest_route=\/wp\/v2\/posts\/58705\/revisions\/58707"}],"wp:featuredmedia":[{"embeddable":true,"href":"https:\/\/www.interaccionnoticias.com.mx\/index.php?rest_route=\/wp\/v2\/media\/58706"}],"wp:attachment":[{"href":"https:\/\/www.interaccionnoticias.com.mx\/index.php?rest_route=%2Fwp%2Fv2%2Fmedia&parent=58705"}],"wp:term":[{"taxonomy":"category","embeddable":true,"href":"https:\/\/www.interaccionnoticias.com.mx\/index.php?rest_route=%2Fwp%2Fv2%2Fcategories&post=58705"},{"taxonomy":"post_tag","embeddable":true,"href":"https:\/\/www.interaccionnoticias.com.mx\/index.php?rest_route=%2Fwp%2Fv2%2Ftags&post=58705"}],"curies":[{"name":"wp","href":"https:\/\/api.w.org\/{rel}","templated":true}]}}