{"id":58691,"date":"2023-03-09T18:46:02","date_gmt":"2023-03-10T00:46:02","guid":{"rendered":"https:\/\/interaccionnoticias.com.mx\/?p=58691"},"modified":"2023-03-09T18:46:07","modified_gmt":"2023-03-10T00:46:07","slug":"resguardos-por-autoridades-regresan-profesores-al-durazno-municipio-de-coyuca-de-catalan","status":"publish","type":"post","link":"https:\/\/www.interaccionnoticias.com.mx\/?p=58691","title":{"rendered":"Resguardos por autoridades regresan profesores al Durazno, municipio de Coyuca de Catal\u00e1n"},"content":{"rendered":"\n<p><strong><em>&#8212; Son seis profesores que ya comenzaron a dar clases, indica la SEG<\/em><\/strong><\/p>\n\n\n\n<p><strong>Jes\u00fas Dorantes<\/strong><\/p>\n\n\n\n<p><strong>Chilpancingo, Gro.-<\/strong> Un total de seis profesores regresaron a las escuelas ubicadas en la comunidad del Durazno, municipio de Coyuca de Catal\u00e1n, luego de que las actividades acad\u00e9micas se suspendieran en diciembre de 2022, tras la irrupci\u00f3n de hombres armados que dej\u00f3 el saldo de siete muertos.<\/p>\n\n\n\n<p>El titular de la SEG, Marcial Rodr\u00edguez Salda\u00f1a confirm\u00f3 que los seis profesores atienden el k\u00ednder, la escuela primaria, secundaria y un telebachillerato ubicados en la localidad.<\/p>\n\n\n\n<p>El regreso a clases se determin\u00f3 luego autoridades estatales acudieran el fin de semana para demostrarle a la poblaci\u00f3n que no est\u00e1 sola.<\/p>\n\n\n\n<p>El martes 7 de marzo, la gobernadora Evelyn Salgado Pineda visit\u00f3 la comunidad del Durazno, d\u00f3nde se hab\u00edan suspendido las clases tras la violencia generada por grupos del crimen organizada.<\/p>\n\n\n\n<p>A pregunta expresa, el titular de la SEG, Marcial Rodr\u00edguez Salda\u00f1a indic\u00f3 que fueron cuatro los planteles que reanudaron clases; un preescolar, una primaria, una secundaria y un telebachillerato.<\/p>\n\n\n\n<p>Explic\u00f3 que al tenerse pocos alumnos, hay un profesor por cada nivel educativo y solo el telebachillerato cuenta con tres acad\u00e9micos.<\/p>\n\n\n\n<p>El funcionario confirm\u00f3 que los profesores son trasladados y custodiados de la Base de Operaciones Mixtas de Santa Rosa, quienes los llevan y los regresan hacia su cabecera municipal.<\/p>\n","protected":false},"excerpt":{"rendered":"<p>&#8212; Son seis profesores que ya comenzaron a dar clases, indica la SEG Jes\u00fas Dorantes Chilpancingo, Gro.- Un total de seis profesores regresaron a las escuelas ubicadas en la comunidad&hellip; <\/p>\n","protected":false},"author":8,"featured_media":58692,"comment_status":"open","ping_status":"open","sticky":false,"template":"","format":"standard","meta":{"fifu_image_url":"","fifu_image_alt":"","footnotes":""},"categories":[6],"tags":[],"class_list":["post-58691","post","type-post","status-publish","format-standard","has-post-thumbnail","hentry","category-educacion"],"_links":{"self":[{"href":"https:\/\/www.interaccionnoticias.com.mx\/index.php?rest_route=\/wp\/v2\/posts\/58691","targetHints":{"allow":["GET"]}}],"collection":[{"href":"https:\/\/www.interaccionnoticias.com.mx\/index.php?rest_route=\/wp\/v2\/posts"}],"about":[{"href":"https:\/\/www.interaccionnoticias.com.mx\/index.php?rest_route=\/wp\/v2\/types\/post"}],"author":[{"embeddable":true,"href":"https:\/\/www.interaccionnoticias.com.mx\/index.php?rest_route=\/wp\/v2\/users\/8"}],"replies":[{"embeddable":true,"href":"https:\/\/www.interaccionnoticias.com.mx\/index.php?rest_route=%2Fwp%2Fv2%2Fcomments&post=58691"}],"version-history":[{"count":1,"href":"https:\/\/www.interaccionnoticias.com.mx\/index.php?rest_route=\/wp\/v2\/posts\/58691\/revisions"}],"predecessor-version":[{"id":58693,"href":"https:\/\/www.interaccionnoticias.com.mx\/index.php?rest_route=\/wp\/v2\/posts\/58691\/revisions\/58693"}],"wp:featuredmedia":[{"embeddable":true,"href":"https:\/\/www.interaccionnoticias.com.mx\/index.php?rest_route=\/wp\/v2\/media\/58692"}],"wp:attachment":[{"href":"https:\/\/www.interaccionnoticias.com.mx\/index.php?rest_route=%2Fwp%2Fv2%2Fmedia&parent=58691"}],"wp:term":[{"taxonomy":"category","embeddable":true,"href":"https:\/\/www.interaccionnoticias.com.mx\/index.php?rest_route=%2Fwp%2Fv2%2Fcategories&post=58691"},{"taxonomy":"post_tag","embeddable":true,"href":"https:\/\/www.interaccionnoticias.com.mx\/index.php?rest_route=%2Fwp%2Fv2%2Ftags&post=58691"}],"curies":[{"name":"wp","href":"https:\/\/api.w.org\/{rel}","templated":true}]}}