{"id":58684,"date":"2023-03-09T14:29:17","date_gmt":"2023-03-09T20:29:17","guid":{"rendered":"https:\/\/interaccionnoticias.com.mx\/?p=58684"},"modified":"2023-03-09T14:29:21","modified_gmt":"2023-03-09T20:29:21","slug":"por-tercera-ocasion-cambian-estatal-al-titular-del-igife-en-el-gobierno-de-guerrero","status":"publish","type":"post","link":"https:\/\/www.interaccionnoticias.com.mx\/?p=58684","title":{"rendered":"Por tercera ocasi\u00f3n cambian estatal al titular del IGIFE en el Gobierno de Guerrero"},"content":{"rendered":"\n<p><em><strong>&#8212; En un a\u00f1o de la administraci\u00f3n estatal han ocurrido los relevos<\/strong><\/em><\/p>\n\n\n\n<p><strong>Yasm\u00edn Garc\u00eda Chino<\/strong><\/p>\n\n\n\n<p><strong>Chilpancingo, Gro., a 9 de marzo 2023.-<\/strong> El Instituto Guerrerense de la Infraestructura F\u00edsica Educativa (IGIFE) cambi\u00f3 de Titular, concretando el tercer relevo que se genera en lo que va de la administraci\u00f3n de la morenista Evelyn Salgado Pineda el 15 de octubre del 2021.<\/p>\n\n\n\n<p>Al IGIFE lleg\u00f3 como director general Mart\u00edn Vega Gonz\u00e1lez, quien tom\u00f3 posesi\u00f3n en noviembre, un mes despu\u00e9s del inicio de la administraci\u00f3n, ante las protestas por padres de familia, alumnos y maestros que exig\u00edan la construcci\u00f3n y rehabilitaci\u00f3n de escuelas sobre todo en la monta\u00f1a.<\/p>\n\n\n\n<p>El 7 de diciembre del 2022 Mart\u00edn Vega fue relevado por H\u00e9ctor Oyorzabal Hern\u00e1ndez, la Secretar\u00eda General de Gobierno difundi\u00f3 una fotograf\u00eda en su p\u00e1gina oficial de Facebook en donde Ludwig Marcial Reynoso N\u00fa\u00f1ez le tom\u00f3 protesta en representaci\u00f3n de la Gobernadora Evelyn Salgado Pineda y lo exhort\u00f3 a conducirse con legalidad, cumpliendo los principios de la administraci\u00f3n.<\/p>\n\n\n\n<p>Mart\u00edn Vega fue nombrado canalizado a la titularidad de la Comisi\u00f3n de Infraestructura Carretera y Aeroportuaria (CICAEG).<\/p>\n\n\n\n<p>H\u00e9ctor Oyorzabal solo estuvo tres meses como titular del \u00d3rgano P\u00fablico Descentralizado (OPD) dependiente de la Secretar\u00eda de Educaci\u00f3n Guerrero (SEG), el 7 de marzo del presente a\u00f1o, el secretario general de gobierno Ludwig Marcial le tom\u00f3 protesta a Benjam\u00edn Guinto Nava como nuevo titular del IGIFE.<\/p>\n\n\n\n<p>Guinto Nava es considerado como un pol\u00edtico cercano a Mart\u00edn Vega Gonz\u00e1lez, en los tres meses que estuvo al frente del Instituto fue director del \u00e1rea de construcci\u00f3n, departamento en el que estuvo como supervisor de obra en la administraci\u00f3n pri\u00edsta de H\u00e9ctor Astudillo Flores.<\/p>\n","protected":false},"excerpt":{"rendered":"<p>&#8212; En un a\u00f1o de la administraci\u00f3n estatal han ocurrido los relevos Yasm\u00edn Garc\u00eda Chino Chilpancingo, Gro., a 9 de marzo 2023.- El Instituto Guerrerense de la Infraestructura F\u00edsica Educativa&hellip; <\/p>\n","protected":false},"author":32,"featured_media":58685,"comment_status":"open","ping_status":"open","sticky":false,"template":"","format":"standard","meta":{"fifu_image_url":"","fifu_image_alt":"","footnotes":""},"categories":[11],"tags":[],"class_list":["post-58684","post","type-post","status-publish","format-standard","has-post-thumbnail","hentry","category-guerrero"],"_links":{"self":[{"href":"https:\/\/www.interaccionnoticias.com.mx\/index.php?rest_route=\/wp\/v2\/posts\/58684","targetHints":{"allow":["GET"]}}],"collection":[{"href":"https:\/\/www.interaccionnoticias.com.mx\/index.php?rest_route=\/wp\/v2\/posts"}],"about":[{"href":"https:\/\/www.interaccionnoticias.com.mx\/index.php?rest_route=\/wp\/v2\/types\/post"}],"author":[{"embeddable":true,"href":"https:\/\/www.interaccionnoticias.com.mx\/index.php?rest_route=\/wp\/v2\/users\/32"}],"replies":[{"embeddable":true,"href":"https:\/\/www.interaccionnoticias.com.mx\/index.php?rest_route=%2Fwp%2Fv2%2Fcomments&post=58684"}],"version-history":[{"count":1,"href":"https:\/\/www.interaccionnoticias.com.mx\/index.php?rest_route=\/wp\/v2\/posts\/58684\/revisions"}],"predecessor-version":[{"id":58686,"href":"https:\/\/www.interaccionnoticias.com.mx\/index.php?rest_route=\/wp\/v2\/posts\/58684\/revisions\/58686"}],"wp:featuredmedia":[{"embeddable":true,"href":"https:\/\/www.interaccionnoticias.com.mx\/index.php?rest_route=\/wp\/v2\/media\/58685"}],"wp:attachment":[{"href":"https:\/\/www.interaccionnoticias.com.mx\/index.php?rest_route=%2Fwp%2Fv2%2Fmedia&parent=58684"}],"wp:term":[{"taxonomy":"category","embeddable":true,"href":"https:\/\/www.interaccionnoticias.com.mx\/index.php?rest_route=%2Fwp%2Fv2%2Fcategories&post=58684"},{"taxonomy":"post_tag","embeddable":true,"href":"https:\/\/www.interaccionnoticias.com.mx\/index.php?rest_route=%2Fwp%2Fv2%2Ftags&post=58684"}],"curies":[{"name":"wp","href":"https:\/\/api.w.org\/{rel}","templated":true}]}}