{"id":58675,"date":"2023-03-09T12:49:15","date_gmt":"2023-03-09T18:49:15","guid":{"rendered":"https:\/\/interaccionnoticias.com.mx\/?p=58675"},"modified":"2023-03-09T12:49:20","modified_gmt":"2023-03-09T18:49:20","slug":"uagro-investiga-la-colocacion-de-camaras-espia-en-banos-de-la-preparatoria-29-de-tixtla","status":"publish","type":"post","link":"https:\/\/www.interaccionnoticias.com.mx\/?p=58675","title":{"rendered":"UAGro investiga la colocaci\u00f3n de c\u00e1maras esp\u00eda en ba\u00f1os de la preparatoria 29 de Tixtla"},"content":{"rendered":"\n<p><strong><em>&#8212; Se han atendido nueve casos de denuncias por parte de alumnas contra maestros<\/em><\/strong><\/p>\n\n\n\n<p><strong>Jes\u00fas Dorantes<\/strong><\/p>\n\n\n\n<p><strong>Chilpancingo, Gro.-<\/strong> El \u00e1rea Jur\u00eddica y la Defensor\u00eda de Derechos Humanos de la Universidad Aut\u00f3noma de Guerrero (UAGRO) ya investigan la colocaci\u00f3n de c\u00e1maras de video tipo \u201cesp\u00eda\u201d en los ba\u00f1os de la preparatoria N\u00famero 29, ubicada en el municipio de Tixtla.<\/p>\n\n\n\n<p>El pasado martes 7 de marzo, estudiantes de la referida preparatoria cerraron su plantel, para demandar que se investigara al responsable de colocar dos c\u00e1maras de video al interior de los sanitarios de mujeres y de hombres.<\/p>\n\n\n\n<p>Consultado sobre el tema el rector de la m\u00e1xima casa de estudios, Jos\u00e9 Alfredo Romero Olea, dio a conocer que desde el d\u00eda 8 de marzo, personal del \u00e1rea Jur\u00eddica y de Derechos Humanos de la UAGro acudieron para investigar el caso.<\/p>\n\n\n\n<p>A pregunta expresa, sobre si se destituir\u00e1 al director Jos\u00e9 Francisco Calvo Hern\u00e1ndez, ante la acusaci\u00f3n de la alumnas de ser el probable responsable de las c\u00e1maras, el rector de la UAGro asegur\u00f3 que no est\u00e1 dentro de sus facultades poder retirarlo de su cargo.<\/p>\n\n\n\n<p>En todo caso, es un asunto que debe indagar el Consejo Universitario (CU), m\u00e1ximo \u00f3rgano de gobierno en la instituci\u00f3n.<\/p>\n\n\n\n<p>Respecto a lo denunciado en los tendederos con los que se se\u00f1ala a presuntos acosadores, tanto profesores como alumnos, el rector dijo que por lo menos nueve caso de acoso ya se investigan.<\/p>\n\n\n\n<p>Dijo que en lo que va de la administraci\u00f3n actual, tambi\u00e9n confirm\u00f3 que ya son tres profesores que fueron sancionando por casos que est\u00e1n relacionados con el acoso hacia el alumnado.<\/p>\n","protected":false},"excerpt":{"rendered":"<p>&#8212; Se han atendido nueve casos de denuncias por parte de alumnas contra maestros Jes\u00fas Dorantes Chilpancingo, Gro.- El \u00e1rea Jur\u00eddica y la Defensor\u00eda de Derechos Humanos de la Universidad&hellip; <\/p>\n","protected":false},"author":8,"featured_media":58676,"comment_status":"open","ping_status":"open","sticky":false,"template":"","format":"standard","meta":{"fifu_image_url":"","fifu_image_alt":"","footnotes":""},"categories":[30],"tags":[],"class_list":["post-58675","post","type-post","status-publish","format-standard","has-post-thumbnail","hentry","category-universidad"],"_links":{"self":[{"href":"https:\/\/www.interaccionnoticias.com.mx\/index.php?rest_route=\/wp\/v2\/posts\/58675","targetHints":{"allow":["GET"]}}],"collection":[{"href":"https:\/\/www.interaccionnoticias.com.mx\/index.php?rest_route=\/wp\/v2\/posts"}],"about":[{"href":"https:\/\/www.interaccionnoticias.com.mx\/index.php?rest_route=\/wp\/v2\/types\/post"}],"author":[{"embeddable":true,"href":"https:\/\/www.interaccionnoticias.com.mx\/index.php?rest_route=\/wp\/v2\/users\/8"}],"replies":[{"embeddable":true,"href":"https:\/\/www.interaccionnoticias.com.mx\/index.php?rest_route=%2Fwp%2Fv2%2Fcomments&post=58675"}],"version-history":[{"count":1,"href":"https:\/\/www.interaccionnoticias.com.mx\/index.php?rest_route=\/wp\/v2\/posts\/58675\/revisions"}],"predecessor-version":[{"id":58677,"href":"https:\/\/www.interaccionnoticias.com.mx\/index.php?rest_route=\/wp\/v2\/posts\/58675\/revisions\/58677"}],"wp:featuredmedia":[{"embeddable":true,"href":"https:\/\/www.interaccionnoticias.com.mx\/index.php?rest_route=\/wp\/v2\/media\/58676"}],"wp:attachment":[{"href":"https:\/\/www.interaccionnoticias.com.mx\/index.php?rest_route=%2Fwp%2Fv2%2Fmedia&parent=58675"}],"wp:term":[{"taxonomy":"category","embeddable":true,"href":"https:\/\/www.interaccionnoticias.com.mx\/index.php?rest_route=%2Fwp%2Fv2%2Fcategories&post=58675"},{"taxonomy":"post_tag","embeddable":true,"href":"https:\/\/www.interaccionnoticias.com.mx\/index.php?rest_route=%2Fwp%2Fv2%2Ftags&post=58675"}],"curies":[{"name":"wp","href":"https:\/\/api.w.org\/{rel}","templated":true}]}}