{"id":58668,"date":"2023-03-08T21:07:23","date_gmt":"2023-03-09T03:07:23","guid":{"rendered":"https:\/\/interaccionnoticias.com.mx\/?p=58668"},"modified":"2023-03-08T21:07:28","modified_gmt":"2023-03-09T03:07:28","slug":"lamentable-que-a-28-anos-del-reconocimiento-a-los-derechos-de-las-mujeres-se-siga-saliendo-a-la-calle-a-exigir-su-cumplimiento","status":"publish","type":"post","link":"https:\/\/www.interaccionnoticias.com.mx\/?p=58668","title":{"rendered":"Lamentable que a 28 a\u00f1os del reconocimiento a los derechos de las mujeres, se siga saliendo a la calle a exigir su cumplimiento"},"content":{"rendered":"\n<p><strong><em>&#8212; As\u00ed lo asegur\u00f3 Alda Facio, experta internacional en Derechos Humanos<\/em><\/strong><\/p>\n\n\n\n<p><strong>Rosario Garc\u00eda Orozco<\/strong><\/p>\n\n\n\n<p><strong>Chilpancingo, Gro., 8 de marzo del 2023. &#8211; <\/strong>Es lamentable que a 28 a\u00f1os de la Cuarta Conferencia Mundial sobre la Mujer, \u00abAcci\u00f3n para la Igualdad, el Desarrollo y la Paz\u00bb, celebrada el Baijing, y en consecuencia del reconocimiento a los derechos de las mujeres, hoy sea necesario volver a salir a la calle para exigir el respeto a los derechos de las mujeres, expres\u00f3 Alda Facio Montejo, experta internacional en los derechos humanos de las mujeres.<\/p>\n\n\n\n<p>La activista disert\u00f3 la conferencia magistral \u00abEl 8 de Marzo desde la perspectiva de los Derechos Humanos de las Mujeres\u00bb, en el marco del D\u00eda Internacional de la Mujer, quien asegur\u00f3 que hasta ahora, ning\u00fan pa\u00eds del mundo ha logrado erradicar la discriminaci\u00f3n contra las mujeres, a pesar de que representan a la mitad de la poblaci\u00f3n.<\/p>\n\n\n\n<p>A la fecha, dijo, se siguen tolerando actos de discriminaci\u00f3n, y faltan herramientas de protecci\u00f3n a favor de las mujeres. \u00abPor lo que hoy se sigue llamando a las acciones de protesta y de conciencia, para lograr acceder a una vida sin violencia, y todav\u00eda a\u00fan, estos hechos se siguen considerando como un mal menor\u00bb.<\/p>\n\n\n\n<p>En representaci\u00f3n de la gobernadora Evelyn Salgado Pineda, el secretario general de Gobierno Ludwig Marcial Reynoso N\u00fa\u00f1ez, asegur\u00f3 que el gobierno del estado avanza en el reconocimiento de los derechos humanos de las mujeres y se trabaja todos los d\u00edas para prevenir, sancionar y erradicar todo tipo de violencia.<\/p>\n\n\n\n<p>En listo una serie de acciones que la gobernadora ha instruido para que las mujeres cuenten con mejores condiciones de desarrollo, como el impedimento a los matrimonios infantiles o forzados, la Alerta violeta, el servicio de transporte especializado y seguro para mujeres y otras acciones.<\/p>\n\n\n\n<p>Por su parte secretaria de la Mujer, Violeta Pino Gir\u00f3n dijo que \u00abpese a los avances en las acciones para erradicar todas las formas de violencia contra la mujer, la tarea es seguir siendo grande, pero es m\u00e1s grande el compromiso con las mujeres por parte de los servidores p\u00fablicos del Estado\u00bb.<\/p>\n","protected":false},"excerpt":{"rendered":"<p>&#8212; As\u00ed lo asegur\u00f3 Alda Facio, experta internacional en Derechos Humanos Rosario Garc\u00eda Orozco Chilpancingo, Gro., 8 de marzo del 2023. &#8211; Es lamentable que a 28 a\u00f1os de la&hellip; <\/p>\n","protected":false},"author":14,"featured_media":58601,"comment_status":"open","ping_status":"open","sticky":false,"template":"","format":"standard","meta":{"fifu_image_url":"","fifu_image_alt":"","footnotes":""},"categories":[29],"tags":[],"class_list":["post-58668","post","type-post","status-publish","format-standard","has-post-thumbnail","hentry","category-sociedad"],"_links":{"self":[{"href":"https:\/\/www.interaccionnoticias.com.mx\/index.php?rest_route=\/wp\/v2\/posts\/58668","targetHints":{"allow":["GET"]}}],"collection":[{"href":"https:\/\/www.interaccionnoticias.com.mx\/index.php?rest_route=\/wp\/v2\/posts"}],"about":[{"href":"https:\/\/www.interaccionnoticias.com.mx\/index.php?rest_route=\/wp\/v2\/types\/post"}],"author":[{"embeddable":true,"href":"https:\/\/www.interaccionnoticias.com.mx\/index.php?rest_route=\/wp\/v2\/users\/14"}],"replies":[{"embeddable":true,"href":"https:\/\/www.interaccionnoticias.com.mx\/index.php?rest_route=%2Fwp%2Fv2%2Fcomments&post=58668"}],"version-history":[{"count":1,"href":"https:\/\/www.interaccionnoticias.com.mx\/index.php?rest_route=\/wp\/v2\/posts\/58668\/revisions"}],"predecessor-version":[{"id":58669,"href":"https:\/\/www.interaccionnoticias.com.mx\/index.php?rest_route=\/wp\/v2\/posts\/58668\/revisions\/58669"}],"wp:featuredmedia":[{"embeddable":true,"href":"https:\/\/www.interaccionnoticias.com.mx\/index.php?rest_route=\/wp\/v2\/media\/58601"}],"wp:attachment":[{"href":"https:\/\/www.interaccionnoticias.com.mx\/index.php?rest_route=%2Fwp%2Fv2%2Fmedia&parent=58668"}],"wp:term":[{"taxonomy":"category","embeddable":true,"href":"https:\/\/www.interaccionnoticias.com.mx\/index.php?rest_route=%2Fwp%2Fv2%2Fcategories&post=58668"},{"taxonomy":"post_tag","embeddable":true,"href":"https:\/\/www.interaccionnoticias.com.mx\/index.php?rest_route=%2Fwp%2Fv2%2Ftags&post=58668"}],"curies":[{"name":"wp","href":"https:\/\/api.w.org\/{rel}","templated":true}]}}