{"id":58658,"date":"2023-03-08T20:57:09","date_gmt":"2023-03-09T02:57:09","guid":{"rendered":"https:\/\/interaccionnoticias.com.mx\/?p=58658"},"modified":"2023-03-08T20:57:14","modified_gmt":"2023-03-09T02:57:14","slug":"mujeres-trans-reprochan-la-violencia-extrema-que-se-ejerce-en-su-contra","status":"publish","type":"post","link":"https:\/\/www.interaccionnoticias.com.mx\/?p=58658","title":{"rendered":"Mujeres trans reprochan la violencia extrema que se ejerce en su contra"},"content":{"rendered":"\n<p><strong><em>&#8212; Los cr\u00edmenes que se cometen contra dicho segmento de la poblaci\u00f3n, dif\u00edcilmente son investigados<\/em><\/strong><\/p>\n\n\n\n<p><strong>Dassaev T\u00e9llez Adame<\/strong><\/p>\n\n\n\n<p><strong>Chilpancingo, 8 de marzo. &#8211; <\/strong>Mujeres trans lamentaron que en Guerrero se siga violentando, matando y acosando a las personas que son trans, por lo que buscar\u00e1n tener m\u00e1s visibilidad en distintos espacios como lo es la marcha denominada \u20188M\u2019, la cual se realiza cada 8 de marzo para conmemorar el D\u00eda Internacional de la Mujer.<\/p>\n\n\n\n<p>En conferencia de prensa, al interior de la Comision de Derechos Humanos del Estado de Guerrero (CDHEG) dijeron que estos espacios, refiri\u00e9ndose a la marcha, \u201ctambi\u00e9n nos pertenecen, decir que ser mujeres un efecto de sentimientos, que es una cuesti\u00f3n biol\u00f3gica cultural y ser mujer trans es un hecho biol\u00f3gico tambi\u00e9n, busco visibilidad porque lamentablemente aqu\u00ed en Guerrero somos pocas las mujeres que buscan los espacios para luchar por nuestros derechos, mientras mi pa\u00eds siga siendo un pa\u00eds tan feminicida esta lucha tambi\u00e9n es m\u00eda el 8m es de todas las mujeres sin excepci\u00f3n alguna sin importar su sexualidad su identidad su raza, porque ser mujer es una vivencia muy fuerte en este pa\u00eds lleno de misoginia\u201d, se\u00f1alo<\/p>\n\n\n\n<p>Indicaron que entre todas se deben de cuidar, para poder resguardar sus derechos y dejar de ser victimas y olvidadas por ser trans, por lo que ellas lucharan y gritar\u00e1n por las que \u201cpor las que no est\u00e1n, por las que el Estado nos matan\u201d.<\/p>\n\n\n\n<p>Dijeron que, lamentablemente, es improbable tener una estad\u00edstica de cuantas personas trans, principalmente mujeres existen, porque est\u00e1n este resguardadas y optan por \u201cesconderse\u201d, por lo mismo de toda la violencia, en tanto a g\u00e9nero, se tienen y porque vivimos en \u201cun pa\u00eds muy mis\u00f3gino y machista y sobre todo feminicida\u201d.<\/p>\n\n\n\n<p>Se\u00f1alando que existen cientos, tal vez miles, de mujeres trans en Guerrero, pero prefieren seguir escondidas y formar parte de otra estad\u00edstica m\u00e1s de la violencia feminicida y transfeminicida.<\/p>\n\n\n\n<p>\u201cLes da miedo salir a gritar qui\u00e9nes son\u201d, sentenciaron.<\/p>\n\n\n\n<p>Cuestionadas sobre el impedimento, que algunas mujeres hicieron para este sector de participar en la marcha del 8M, indicaron que \u201cson diferentes espacios, ellas tienen sus espacios y nosotras tenemos nuestros espacios, igual para no crear alg\u00fan conflicto, estamos aqu\u00ed nosotras y por eso nos sentamos aqu\u00ed (refiri\u00e9ndose a la CDHEG) en un lugar diferente porque hay algunas que no est\u00e1n de acuerdo y es v\u00e1lido, pero lo que menos queremos este tener es una confrontaci\u00f3n con ellas\u201d.<\/p>\n\n\n\n<p>Ante esto, dijeron sentirse vulneradas, principalmente por ser mujeres trans, dado que esto y por vivir en un estado como lo es Guerrero, es violencia para ellas, ya que son vistas de una \u201cmanera mala\u201d.<\/p>\n\n\n\n<p>Dijeron que, sobre las reformas de leyes que hablan sobre la identidad de g\u00e9nero y que el congreso local tiene en la \u201ccongeladora\u201d, \u201cel gobierno de Guerrero es un poco tibio, lo voy a decir as\u00ed es tibio y no simplemente dan largas a muchas cosas, tanto a este a hablar sobre identidades de g\u00e9nero, de hablar de las personas trans, hablar de sexualidad, tenemos que hacer luchas para que todo esto sea visible, pero en general este te podr\u00eda decir que son tibios en estos temas y lo dejan escasas, lo dejan inconclusos\u201d.<\/p>\n\n\n\n<p>Sentenciaron que, con esta manifestaci\u00f3n piden ser reconocidas como mujeres, \u201cbuscamos visibilidad trans y buscamos visibilidad ante toda la gente, que sepan que existimos porque si nos quedamos escondidas nos van a seguir violentando, nos van a seguir matando y por eso te digo\u2026 Y pues lo que realmente tambi\u00e9n estamos buscando, o sea ser tratadas como nos vemos, o sea, digo, si yo voy de mujer con maquillaje con accesorios de mujer, pues eso es lo que pido ese respeto s\u00ed, porque muchas veces te subes a una combi a un taxi y te llaman por \u00e9l, digo nosotros, o sea, no pedimos nada m\u00e1s m\u00e1s que pues un respeto, no, o sea, ser tratado como como nos vemos la apariencia que nos identificamos realmente\u201d.<\/p>\n","protected":false},"excerpt":{"rendered":"<p>&#8212; Los cr\u00edmenes que se cometen contra dicho segmento de la poblaci\u00f3n, dif\u00edcilmente son investigados Dassaev T\u00e9llez Adame Chilpancingo, 8 de marzo. &#8211; Mujeres trans lamentaron que en Guerrero se&hellip; <\/p>\n","protected":false},"author":9,"featured_media":58643,"comment_status":"open","ping_status":"open","sticky":false,"template":"","format":"standard","meta":{"fifu_image_url":"","fifu_image_alt":"","footnotes":""},"categories":[29],"tags":[],"class_list":["post-58658","post","type-post","status-publish","format-standard","has-post-thumbnail","hentry","category-sociedad"],"_links":{"self":[{"href":"https:\/\/www.interaccionnoticias.com.mx\/index.php?rest_route=\/wp\/v2\/posts\/58658","targetHints":{"allow":["GET"]}}],"collection":[{"href":"https:\/\/www.interaccionnoticias.com.mx\/index.php?rest_route=\/wp\/v2\/posts"}],"about":[{"href":"https:\/\/www.interaccionnoticias.com.mx\/index.php?rest_route=\/wp\/v2\/types\/post"}],"author":[{"embeddable":true,"href":"https:\/\/www.interaccionnoticias.com.mx\/index.php?rest_route=\/wp\/v2\/users\/9"}],"replies":[{"embeddable":true,"href":"https:\/\/www.interaccionnoticias.com.mx\/index.php?rest_route=%2Fwp%2Fv2%2Fcomments&post=58658"}],"version-history":[{"count":1,"href":"https:\/\/www.interaccionnoticias.com.mx\/index.php?rest_route=\/wp\/v2\/posts\/58658\/revisions"}],"predecessor-version":[{"id":58659,"href":"https:\/\/www.interaccionnoticias.com.mx\/index.php?rest_route=\/wp\/v2\/posts\/58658\/revisions\/58659"}],"wp:featuredmedia":[{"embeddable":true,"href":"https:\/\/www.interaccionnoticias.com.mx\/index.php?rest_route=\/wp\/v2\/media\/58643"}],"wp:attachment":[{"href":"https:\/\/www.interaccionnoticias.com.mx\/index.php?rest_route=%2Fwp%2Fv2%2Fmedia&parent=58658"}],"wp:term":[{"taxonomy":"category","embeddable":true,"href":"https:\/\/www.interaccionnoticias.com.mx\/index.php?rest_route=%2Fwp%2Fv2%2Fcategories&post=58658"},{"taxonomy":"post_tag","embeddable":true,"href":"https:\/\/www.interaccionnoticias.com.mx\/index.php?rest_route=%2Fwp%2Fv2%2Ftags&post=58658"}],"curies":[{"name":"wp","href":"https:\/\/api.w.org\/{rel}","templated":true}]}}