{"id":58629,"date":"2023-03-08T19:06:37","date_gmt":"2023-03-09T01:06:37","guid":{"rendered":"https:\/\/interaccionnoticias.com.mx\/?p=58629"},"modified":"2023-03-08T19:06:41","modified_gmt":"2023-03-09T01:06:41","slug":"con-el-plan-b-estan-en-riesgo-los-derechos-politicos-de-las-mujeres-gabriela-bernal","status":"publish","type":"post","link":"https:\/\/www.interaccionnoticias.com.mx\/?p=58629","title":{"rendered":"Con el Plan B est\u00e1n en riesgo los derechos pol\u00edticos de las mujeres: Gabriela Bernal"},"content":{"rendered":"\n<p><strong>Rosario Garc\u00eda Orozco<\/strong><\/p>\n\n\n\n<p><strong>Chilpancingo, Gro., 8 de marzo del 2023.- <\/strong>Tras la aprobaci\u00f3n del Plan B de la Reforma Electoral, que propuso el presidente Andr\u00e9s Manuel L\u00f3pez Obrador, se encuentran el riesgo los derechos pol\u00edtico-electorales de las mujeres, asegur\u00f3 la diputada local, Gabriela Bernal Res\u00e9ndiz, presidenta de la Comisi\u00f3n para la Igualdad de G\u00e9nero del Congreso Local.<\/p>\n\n\n\n<p>La legisladora sostuvo que con la reforma electoral, a las mujeres se les quita varios de los derechos que hab\u00edan conquistado a trav\u00e9s de la lucha de muchos a\u00f1os y mujeres que, en ocasiones, dieron su vida por el respeto de los derechos de sus cong\u00e9neres.<\/p>\n\n\n\n<p>Lament\u00f3 tambi\u00e9n que la violencia sigue a la alza en todo el pais y en Guerrero, con cifras muy lastimeras, \u201cuna de cada 3 mujeres ha sufrido alg\u00fan tipo de violencia en este pa\u00eds, y el 70 por ciento de las mujeres en Guerrero han experimentado alg\u00fan tipo de violencia\u201d.<\/p>\n\n\n\n<p>La priista Invit\u00f3 a las mujeres de todos los sectores a no bajar la guardia y protestar cada que sea necesario, as\u00ed como exigir el respeto de sus derechos a toda costa, \u00abla lucha se tiene que seguir dando en unidad y levantando la voz, para exigir el respeto de nuestros derechos pero sobre todo que no se siga violentado a ninguna mujeres en el pa\u00eds\u00bb.<\/p>\n\n\n\n<p>De la misma manera, y en el marc\u00f3 del 8 de marzo, D\u00eda Internacional de la Mujer, Bernal Res\u00e9ndiz reiter\u00f3 su apoyo a la ministra presidenta de la Suprema Corte de Justicia de la Naci\u00f3n, Norma Lucia Pi\u00f1a Hern\u00e1ndez, y asegur\u00f3 \u201cque no est\u00e1 sola, porque se ha visto envuelta en severos ataques hacia su persona, solamente por salvaguardar la Constituci\u00f3n, por eso decimos desde Guerrero que la ministra no est\u00e1 sola, que hay millones de mexicanos y mexicanas que confiamos en ella, en los ministros y ministras de la Suprema Corte de Justicia de la Naci\u00f3n\u201d, y asegur\u00f3 que no se quieren ninguna mujer m\u00e1s violentada.<\/p>\n\n\n\n<p>Finalmente, anunci\u00f3 la realizaci\u00f3n de un foro para hablar de los feminicidios, y c\u00f3mo se han incrementado de manera acelerada, ya que solo en lo que va del 2023 se han registrado 96 feminicidios, \u201cesto tiene que parar, debe haber justicia para esas victimas, e instituciones fuertes que eviten que sigan matando a mujeres en Guerrero\u00bb.<\/p>\n","protected":false},"excerpt":{"rendered":"<p>Rosario Garc\u00eda Orozco Chilpancingo, Gro., 8 de marzo del 2023.- Tras la aprobaci\u00f3n del Plan B de la Reforma Electoral, que propuso el presidente Andr\u00e9s Manuel L\u00f3pez Obrador, se encuentran&hellip; <\/p>\n","protected":false},"author":14,"featured_media":58630,"comment_status":"open","ping_status":"open","sticky":false,"template":"","format":"standard","meta":{"fifu_image_url":"","fifu_image_alt":"","footnotes":""},"categories":[21],"tags":[],"class_list":["post-58629","post","type-post","status-publish","format-standard","has-post-thumbnail","hentry","category-politica"],"_links":{"self":[{"href":"https:\/\/www.interaccionnoticias.com.mx\/index.php?rest_route=\/wp\/v2\/posts\/58629","targetHints":{"allow":["GET"]}}],"collection":[{"href":"https:\/\/www.interaccionnoticias.com.mx\/index.php?rest_route=\/wp\/v2\/posts"}],"about":[{"href":"https:\/\/www.interaccionnoticias.com.mx\/index.php?rest_route=\/wp\/v2\/types\/post"}],"author":[{"embeddable":true,"href":"https:\/\/www.interaccionnoticias.com.mx\/index.php?rest_route=\/wp\/v2\/users\/14"}],"replies":[{"embeddable":true,"href":"https:\/\/www.interaccionnoticias.com.mx\/index.php?rest_route=%2Fwp%2Fv2%2Fcomments&post=58629"}],"version-history":[{"count":1,"href":"https:\/\/www.interaccionnoticias.com.mx\/index.php?rest_route=\/wp\/v2\/posts\/58629\/revisions"}],"predecessor-version":[{"id":58631,"href":"https:\/\/www.interaccionnoticias.com.mx\/index.php?rest_route=\/wp\/v2\/posts\/58629\/revisions\/58631"}],"wp:featuredmedia":[{"embeddable":true,"href":"https:\/\/www.interaccionnoticias.com.mx\/index.php?rest_route=\/wp\/v2\/media\/58630"}],"wp:attachment":[{"href":"https:\/\/www.interaccionnoticias.com.mx\/index.php?rest_route=%2Fwp%2Fv2%2Fmedia&parent=58629"}],"wp:term":[{"taxonomy":"category","embeddable":true,"href":"https:\/\/www.interaccionnoticias.com.mx\/index.php?rest_route=%2Fwp%2Fv2%2Fcategories&post=58629"},{"taxonomy":"post_tag","embeddable":true,"href":"https:\/\/www.interaccionnoticias.com.mx\/index.php?rest_route=%2Fwp%2Fv2%2Ftags&post=58629"}],"curies":[{"name":"wp","href":"https:\/\/api.w.org\/{rel}","templated":true}]}}