{"id":58620,"date":"2023-03-08T15:35:04","date_gmt":"2023-03-08T21:35:04","guid":{"rendered":"https:\/\/interaccionnoticias.com.mx\/?p=58620"},"modified":"2023-03-08T15:35:10","modified_gmt":"2023-03-08T21:35:10","slug":"ayuntamiento-de-chilpancingo-anuncia-actividades-para-conmemorar-el-8-de-marzo","status":"publish","type":"post","link":"https:\/\/www.interaccionnoticias.com.mx\/?p=58620","title":{"rendered":"Ayuntamiento de Chilpancingo anuncia actividades para conmemorar el 8 de marzo"},"content":{"rendered":"\n<p><strong><em>&#8212; Este 9 de marzo se llevar\u00e1n a cabo conferencias y actividades bajo el lema \u00abQue tu voz se escuche\u00bb<\/em><\/strong><\/p>\n\n\n\n<p><strong>Chilpancingo, Gro., a 08 de marzo de 2023.-<\/strong> En el marco del \u00abD\u00eda Internacional de la Mujer\u00bb que se conmemora el 8 de marzo, el honorable Ayuntamiento de Chilpancingo que encabeza la alcaldesa Norma Otilia Hern\u00e1ndez Mart\u00ednez, llevar\u00e1 a cabo un ciclo de conferencias y actividades bajo el lema \u00abQue tu voz se escuche\u00bb.<\/p>\n\n\n\n<p>Blanca Alicia Camacho de la Cruz, responsable del Instituto Municipal de Igualdad de G\u00e9nero, reconoci\u00f3 el esfuerzo emprendieron las mujeres para defender los derechos e igualdad de g\u00e9nero, acciones que ha emprendido el gobierno municipal desde el inicio de la administraci\u00f3n, es por ello que se impartir\u00e1n una serie de conferencias en el ayuntamiento capitalino.<\/p>\n\n\n\n<p>Por lo que este jueves 9 de marzo a partir de las 10 de la ma\u00f1ana, en el auditorio \u00abJos\u00e9 Inocente Lugo\u00bb se llevar\u00e1 el mon\u00f3logo \u00abQue tu voz de escuche\u00bb, impartido por la psicol\u00f3gica Josefina Mart\u00ednez Garc\u00eda; posteriormente a las 11 de la ma\u00f1ana iniciar\u00e1 la conferencia \u00abLas Alas del Diablo\u00bb, impartida por la psicol\u00f3gica Gabriela Vielma Camacho.<\/p>\n\n\n\n<p>Camacho de la Cruz agreg\u00f3 que en punto de las 12 horas, iniciar\u00e1 la conferencia \u00abAtenci\u00f3n y Prevenci\u00f3n de la Violencia Pol\u00edtica contra las Mujeres en Raz\u00f3n de G\u00e9nero\u00bb, impartida por la maestra Vicenta Molina Revuelta, Consejera del IEPC Guerrero.<\/p>\n\n\n\n<p>A partir de las cinco de la tarde comenzar\u00e1 la Caminata \u00abYo en tus Zapatos\u00bb, la cual partir\u00e1 de la Alameda Francisco Granados Maldonado hasta llegar a la Plaza C\u00edvica Primer Congreso de An\u00e1huac, \u00abal cierre de estas actividades finalizaremos con un concierto art\u00edstico cultural y la puesta de un mural en blanco, donde podr\u00e1n plasmar un mensaje por la igualdad y respeto\u00bb, dijo.<\/p>\n","protected":false},"excerpt":{"rendered":"<p>&#8212; Este 9 de marzo se llevar\u00e1n a cabo conferencias y actividades bajo el lema \u00abQue tu voz se escuche\u00bb Chilpancingo, Gro., a 08 de marzo de 2023.- En el&hellip; <\/p>\n","protected":false},"author":19,"featured_media":58621,"comment_status":"open","ping_status":"open","sticky":false,"template":"","format":"standard","meta":{"fifu_image_url":"","fifu_image_alt":"","footnotes":""},"categories":[13],"tags":[],"class_list":["post-58620","post","type-post","status-publish","format-standard","has-post-thumbnail","hentry","category-capital"],"_links":{"self":[{"href":"https:\/\/www.interaccionnoticias.com.mx\/index.php?rest_route=\/wp\/v2\/posts\/58620","targetHints":{"allow":["GET"]}}],"collection":[{"href":"https:\/\/www.interaccionnoticias.com.mx\/index.php?rest_route=\/wp\/v2\/posts"}],"about":[{"href":"https:\/\/www.interaccionnoticias.com.mx\/index.php?rest_route=\/wp\/v2\/types\/post"}],"author":[{"embeddable":true,"href":"https:\/\/www.interaccionnoticias.com.mx\/index.php?rest_route=\/wp\/v2\/users\/19"}],"replies":[{"embeddable":true,"href":"https:\/\/www.interaccionnoticias.com.mx\/index.php?rest_route=%2Fwp%2Fv2%2Fcomments&post=58620"}],"version-history":[{"count":1,"href":"https:\/\/www.interaccionnoticias.com.mx\/index.php?rest_route=\/wp\/v2\/posts\/58620\/revisions"}],"predecessor-version":[{"id":58622,"href":"https:\/\/www.interaccionnoticias.com.mx\/index.php?rest_route=\/wp\/v2\/posts\/58620\/revisions\/58622"}],"wp:featuredmedia":[{"embeddable":true,"href":"https:\/\/www.interaccionnoticias.com.mx\/index.php?rest_route=\/wp\/v2\/media\/58621"}],"wp:attachment":[{"href":"https:\/\/www.interaccionnoticias.com.mx\/index.php?rest_route=%2Fwp%2Fv2%2Fmedia&parent=58620"}],"wp:term":[{"taxonomy":"category","embeddable":true,"href":"https:\/\/www.interaccionnoticias.com.mx\/index.php?rest_route=%2Fwp%2Fv2%2Fcategories&post=58620"},{"taxonomy":"post_tag","embeddable":true,"href":"https:\/\/www.interaccionnoticias.com.mx\/index.php?rest_route=%2Fwp%2Fv2%2Ftags&post=58620"}],"curies":[{"name":"wp","href":"https:\/\/api.w.org\/{rel}","templated":true}]}}