{"id":58614,"date":"2023-03-08T15:30:05","date_gmt":"2023-03-08T21:30:05","guid":{"rendered":"https:\/\/interaccionnoticias.com.mx\/?p=58614"},"modified":"2023-03-08T15:30:10","modified_gmt":"2023-03-08T21:30:10","slug":"egresados-de-normales-publicas-marchan-en-chilpancingo","status":"publish","type":"post","link":"https:\/\/www.interaccionnoticias.com.mx\/?p=58614","title":{"rendered":"Egresados de normales p\u00fablicas marchan en Chilpancingo"},"content":{"rendered":"\n<p><strong><em>&#8212; Exigen la entrega de 200 plazas de profesor<\/em><\/strong><\/p>\n\n\n\n<p><strong>Jes\u00fas Dorantes<\/strong><\/p>\n\n\n\n<p><strong>Chilpancingo, Gro.-<\/strong> Egresados de las normales p\u00fablicas de la generaci\u00f3n 2018 &#8211; 2022 y del Centro de Actualizaci\u00f3n del Magisterio (CAM), marcharon para exigir la entrega de 200 plazas docentes.<\/p>\n\n\n\n<p>Los egresados de las normales se concentraron en la glorieta de las Banderas, d\u00f3nde partieron en marcha por la avenida L\u00e1zaro C\u00e1rdenas hasta llegar al Palacio de Gobierno, d\u00f3nde cerraron la circulaci\u00f3n vehicular en los sentidos norte-sur.<\/p>\n\n\n\n<p>Dentro de la manifestaci\u00f3n el profesor egresado del CAM, Sa\u00fal Ifigenio Garc\u00eda denunci\u00f3 que a pesar de obtener los primeros lugares en los procesos de asignaci\u00f3n de plazas del 2022- 2023, ellos no han recibido nada.<\/p>\n\n\n\n<p>Lo que gener\u00f3 disgusto entre todos los profesores que participaron en los procesos de la asignaci\u00f3n de plazas, ya que se ubicaron en los primeros lugares de la evaluaci\u00f3n hecha por la Unidad Estatal del Sistema para la Carrera de las Maestras y Maestros (UESICAMM).<\/p>\n\n\n\n<p>Al no ser la primera ocasi\u00f3n en la que protestan, tambi\u00e9n denunciaron que tienen varias minutas firmadas por parte de la actual administraci\u00f3n, pero ninguna plaza fue entregada.<\/p>\n\n\n\n<p>Adem\u00e1s, acusaron al gobierno de cerrar el di\u00e1logo con su movimiento, ya que son constantes las veces que les suspenden las mesas de di\u00e1logo.<\/p>\n","protected":false},"excerpt":{"rendered":"<p>&#8212; Exigen la entrega de 200 plazas de profesor Jes\u00fas Dorantes Chilpancingo, Gro.- Egresados de las normales p\u00fablicas de la generaci\u00f3n 2018 &#8211; 2022 y del Centro de Actualizaci\u00f3n del&hellip; <\/p>\n","protected":false},"author":8,"featured_media":58615,"comment_status":"open","ping_status":"open","sticky":false,"template":"","format":"standard","meta":{"fifu_image_url":"","fifu_image_alt":"","footnotes":""},"categories":[6],"tags":[],"class_list":["post-58614","post","type-post","status-publish","format-standard","has-post-thumbnail","hentry","category-educacion"],"_links":{"self":[{"href":"https:\/\/www.interaccionnoticias.com.mx\/index.php?rest_route=\/wp\/v2\/posts\/58614","targetHints":{"allow":["GET"]}}],"collection":[{"href":"https:\/\/www.interaccionnoticias.com.mx\/index.php?rest_route=\/wp\/v2\/posts"}],"about":[{"href":"https:\/\/www.interaccionnoticias.com.mx\/index.php?rest_route=\/wp\/v2\/types\/post"}],"author":[{"embeddable":true,"href":"https:\/\/www.interaccionnoticias.com.mx\/index.php?rest_route=\/wp\/v2\/users\/8"}],"replies":[{"embeddable":true,"href":"https:\/\/www.interaccionnoticias.com.mx\/index.php?rest_route=%2Fwp%2Fv2%2Fcomments&post=58614"}],"version-history":[{"count":1,"href":"https:\/\/www.interaccionnoticias.com.mx\/index.php?rest_route=\/wp\/v2\/posts\/58614\/revisions"}],"predecessor-version":[{"id":58616,"href":"https:\/\/www.interaccionnoticias.com.mx\/index.php?rest_route=\/wp\/v2\/posts\/58614\/revisions\/58616"}],"wp:featuredmedia":[{"embeddable":true,"href":"https:\/\/www.interaccionnoticias.com.mx\/index.php?rest_route=\/wp\/v2\/media\/58615"}],"wp:attachment":[{"href":"https:\/\/www.interaccionnoticias.com.mx\/index.php?rest_route=%2Fwp%2Fv2%2Fmedia&parent=58614"}],"wp:term":[{"taxonomy":"category","embeddable":true,"href":"https:\/\/www.interaccionnoticias.com.mx\/index.php?rest_route=%2Fwp%2Fv2%2Fcategories&post=58614"},{"taxonomy":"post_tag","embeddable":true,"href":"https:\/\/www.interaccionnoticias.com.mx\/index.php?rest_route=%2Fwp%2Fv2%2Ftags&post=58614"}],"curies":[{"name":"wp","href":"https:\/\/api.w.org\/{rel}","templated":true}]}}