{"id":58610,"date":"2023-03-08T14:23:39","date_gmt":"2023-03-08T20:23:39","guid":{"rendered":"https:\/\/interaccionnoticias.com.mx\/?p=58610"},"modified":"2023-03-08T14:23:43","modified_gmt":"2023-03-08T20:23:43","slug":"fraccion-de-la-ceteg-bloqueo-la-avenida-lazaro-cardenas","status":"publish","type":"post","link":"https:\/\/www.interaccionnoticias.com.mx\/?p=58610","title":{"rendered":"Fracci\u00f3n de la CETEG bloque\u00f3 la avenida L\u00e1zaro C\u00e1rdenas"},"content":{"rendered":"\n<p><strong><em>&#8212; Exigen una audiencia con la gobernadora<\/em><\/strong><\/p>\n\n\n\n<p><strong>Jes\u00fas Dorantes<\/strong><\/p>\n\n\n\n<p><strong>Chilpancingo, Gro.-<\/strong> Integrantes de la Coordinadora Estatal de Trabajadores de la Educaci\u00f3n en Guerrero (CETEG), provenientes de diferentes regiones bloquearon la avenida L\u00e1zaro C\u00e1rdenas, a la altura de la glorieta de las banderas para demandar una audiencia con la gobernadora Evelyn Salgado Pineda.<\/p>\n\n\n\n<p>La ma\u00f1ana del mi\u00e9rcoles, un grupo maestros que se\u00f1alaron ser parte de la CETEG \u00abde la resistencia o digna\u00bb, cerraron la circulaci\u00f3n vehicular en ambos sentidos, colocando lonas y cuerdas.<\/p>\n\n\n\n<p>Dentro de sus demandas, solicitaron una audiencia con la titular del Poder Ejecutivo local, para exponer el mal manejo de recursos econ\u00f3micos que se registra en varias escuelas, donde prevalece la negaci\u00f3n de espacios a profesores en cargos de mayor rango.<\/p>\n\n\n\n<p>Entre otras irregularidades, reportaron la existencia de 50 profesores de secundaria de la regi\u00f3n centro, que hasta el momento no reciben ning\u00fan tipo de paga.<\/p>\n\n\n\n<p>Los cetegistas se\u00f1alaron que la problem\u00e1tica del sector debe ser atendido, ya que durante el periodo en el que Marcial Rodr\u00edguez Salda\u00f1a se ha desempe\u00f1ado como titular de la Secretar\u00eda de Educaci\u00f3n Guerrero (SEG) existen m\u00e1s problemas que soluciones.<\/p>\n\n\n\n<p>Otro de las denuncias fue expuesta por la profesora Mar\u00eda Eugenia Nogueda T\u00e9llez, qui\u00e9n acus\u00f3 de acoso laboral a la jefa de Educaci\u00f3n Inicial, Roc\u00edo Ayala Encarnaci\u00f3n, quien dijo, ha dividido a los trabajadores que integran el \u00e1rea encargada de los Centros de Atenci\u00f3n Infantil (CAI).<\/p>\n\n\n\n<p>Dijo que Ayala Encarnaci\u00f3n no cuenta con el perfil adecuado para ocupar el cargo, ya que es psic\u00f3loga y no tiene formaci\u00f3n docente.<\/p>\n\n\n\n<div class=\"wp-block-jetpack-slideshow aligncenter\" data-effect=\"slide\"><div class=\"wp-block-jetpack-slideshow_container swiper-container\"><ul class=\"wp-block-jetpack-slideshow_swiper-wrapper swiper-wrapper\"><li class=\"wp-block-jetpack-slideshow_slide swiper-slide\"><figure><img decoding=\"async\" src=\"data:image\/gif;base64,R0lGODlhAQABAIAAAAAAAP\/\/\/ywAAAAAAQABAAACAUwAOw==\" fifu-lazy=\"1\" fifu-data-sizes=\"auto\" fifu-data-srcset=\"https:\/\/i1.wp.com\/interaccionnoticias.com.mx\/wp-content\/uploads\/2023\/03\/230308-CETEG-1-1024x683.jpg?ssl=1&w=75&resize=75&ssl=1 75w, https:\/\/i1.wp.com\/interaccionnoticias.com.mx\/wp-content\/uploads\/2023\/03\/230308-CETEG-1-1024x683.jpg?ssl=1&w=100&resize=100&ssl=1 100w, https:\/\/i1.wp.com\/interaccionnoticias.com.mx\/wp-content\/uploads\/2023\/03\/230308-CETEG-1-1024x683.jpg?ssl=1&w=150&resize=150&ssl=1 150w, https:\/\/i1.wp.com\/interaccionnoticias.com.mx\/wp-content\/uploads\/2023\/03\/230308-CETEG-1-1024x683.jpg?ssl=1&w=240&resize=240&ssl=1 240w, https:\/\/i1.wp.com\/interaccionnoticias.com.mx\/wp-content\/uploads\/2023\/03\/230308-CETEG-1-1024x683.jpg?ssl=1&w=320&resize=320&ssl=1 320w, https:\/\/i1.wp.com\/interaccionnoticias.com.mx\/wp-content\/uploads\/2023\/03\/230308-CETEG-1-1024x683.jpg?ssl=1&w=500&resize=500&ssl=1 500w, https:\/\/i1.wp.com\/interaccionnoticias.com.mx\/wp-content\/uploads\/2023\/03\/230308-CETEG-1-1024x683.jpg?ssl=1&w=640&resize=640&ssl=1 640w, https:\/\/i1.wp.com\/interaccionnoticias.com.mx\/wp-content\/uploads\/2023\/03\/230308-CETEG-1-1024x683.jpg?ssl=1&w=800&resize=800&ssl=1 800w, https:\/\/i1.wp.com\/interaccionnoticias.com.mx\/wp-content\/uploads\/2023\/03\/230308-CETEG-1-1024x683.jpg?ssl=1&w=1024&resize=1024&ssl=1 1024w, https:\/\/i1.wp.com\/interaccionnoticias.com.mx\/wp-content\/uploads\/2023\/03\/230308-CETEG-1-1024x683.jpg?ssl=1&w=1280&resize=1280&ssl=1 1280w, https:\/\/i1.wp.com\/interaccionnoticias.com.mx\/wp-content\/uploads\/2023\/03\/230308-CETEG-1-1024x683.jpg?ssl=1&w=1600&resize=1600&ssl=1 1600w\" alt=\"\" class=\"wp-block-jetpack-slideshow_image wp-image-58611\" data-id=\"58611\" fifu-data-src=\"https:\/\/i1.wp.com\/interaccionnoticias.com.mx\/wp-content\/uploads\/2023\/03\/230308-CETEG-1-1024x683.jpg?ssl=1\"\/><\/figure><\/li><li class=\"wp-block-jetpack-slideshow_slide swiper-slide\"><figure><img decoding=\"async\" src=\"data:image\/gif;base64,R0lGODlhAQABAIAAAAAAAP\/\/\/ywAAAAAAQABAAACAUwAOw==\" fifu-lazy=\"1\" fifu-data-sizes=\"auto\" fifu-data-srcset=\"https:\/\/i2.wp.com\/interaccionnoticias.com.mx\/wp-content\/uploads\/2023\/03\/230308-CETEG-2-1024x683.jpg?ssl=1&w=75&resize=75&ssl=1 75w, https:\/\/i2.wp.com\/interaccionnoticias.com.mx\/wp-content\/uploads\/2023\/03\/230308-CETEG-2-1024x683.jpg?ssl=1&w=100&resize=100&ssl=1 100w, https:\/\/i2.wp.com\/interaccionnoticias.com.mx\/wp-content\/uploads\/2023\/03\/230308-CETEG-2-1024x683.jpg?ssl=1&w=150&resize=150&ssl=1 150w, https:\/\/i2.wp.com\/interaccionnoticias.com.mx\/wp-content\/uploads\/2023\/03\/230308-CETEG-2-1024x683.jpg?ssl=1&w=240&resize=240&ssl=1 240w, https:\/\/i2.wp.com\/interaccionnoticias.com.mx\/wp-content\/uploads\/2023\/03\/230308-CETEG-2-1024x683.jpg?ssl=1&w=320&resize=320&ssl=1 320w, https:\/\/i2.wp.com\/interaccionnoticias.com.mx\/wp-content\/uploads\/2023\/03\/230308-CETEG-2-1024x683.jpg?ssl=1&w=500&resize=500&ssl=1 500w, https:\/\/i2.wp.com\/interaccionnoticias.com.mx\/wp-content\/uploads\/2023\/03\/230308-CETEG-2-1024x683.jpg?ssl=1&w=640&resize=640&ssl=1 640w, https:\/\/i2.wp.com\/interaccionnoticias.com.mx\/wp-content\/uploads\/2023\/03\/230308-CETEG-2-1024x683.jpg?ssl=1&w=800&resize=800&ssl=1 800w, https:\/\/i2.wp.com\/interaccionnoticias.com.mx\/wp-content\/uploads\/2023\/03\/230308-CETEG-2-1024x683.jpg?ssl=1&w=1024&resize=1024&ssl=1 1024w, https:\/\/i2.wp.com\/interaccionnoticias.com.mx\/wp-content\/uploads\/2023\/03\/230308-CETEG-2-1024x683.jpg?ssl=1&w=1280&resize=1280&ssl=1 1280w, https:\/\/i2.wp.com\/interaccionnoticias.com.mx\/wp-content\/uploads\/2023\/03\/230308-CETEG-2-1024x683.jpg?ssl=1&w=1600&resize=1600&ssl=1 1600w\" alt=\"\" class=\"wp-block-jetpack-slideshow_image wp-image-58612\" data-id=\"58612\" fifu-data-src=\"https:\/\/i2.wp.com\/interaccionnoticias.com.mx\/wp-content\/uploads\/2023\/03\/230308-CETEG-2-1024x683.jpg?ssl=1\"\/><\/figure><\/li><\/ul><a class=\"wp-block-jetpack-slideshow_button-prev swiper-button-prev swiper-button-white\" role=\"button\"><\/a><a class=\"wp-block-jetpack-slideshow_button-next swiper-button-next swiper-button-white\" role=\"button\"><\/a><a aria-label=\"Pause Slideshow\" class=\"wp-block-jetpack-slideshow_button-pause\" role=\"button\"><\/a><div class=\"wp-block-jetpack-slideshow_pagination swiper-pagination swiper-pagination-white\"><\/div><\/div><\/div>\n","protected":false},"excerpt":{"rendered":"<p>&#8212; Exigen una audiencia con la gobernadora Jes\u00fas Dorantes Chilpancingo, Gro.- Integrantes de la Coordinadora Estatal de Trabajadores de la Educaci\u00f3n en Guerrero (CETEG), provenientes de diferentes regiones bloquearon la&hellip; <\/p>\n","protected":false},"author":8,"featured_media":58611,"comment_status":"open","ping_status":"open","sticky":false,"template":"","format":"standard","meta":{"fifu_image_url":"","fifu_image_alt":"","footnotes":""},"categories":[6],"tags":[],"class_list":["post-58610","post","type-post","status-publish","format-standard","has-post-thumbnail","hentry","category-educacion"],"_links":{"self":[{"href":"https:\/\/www.interaccionnoticias.com.mx\/index.php?rest_route=\/wp\/v2\/posts\/58610","targetHints":{"allow":["GET"]}}],"collection":[{"href":"https:\/\/www.interaccionnoticias.com.mx\/index.php?rest_route=\/wp\/v2\/posts"}],"about":[{"href":"https:\/\/www.interaccionnoticias.com.mx\/index.php?rest_route=\/wp\/v2\/types\/post"}],"author":[{"embeddable":true,"href":"https:\/\/www.interaccionnoticias.com.mx\/index.php?rest_route=\/wp\/v2\/users\/8"}],"replies":[{"embeddable":true,"href":"https:\/\/www.interaccionnoticias.com.mx\/index.php?rest_route=%2Fwp%2Fv2%2Fcomments&post=58610"}],"version-history":[{"count":1,"href":"https:\/\/www.interaccionnoticias.com.mx\/index.php?rest_route=\/wp\/v2\/posts\/58610\/revisions"}],"predecessor-version":[{"id":58613,"href":"https:\/\/www.interaccionnoticias.com.mx\/index.php?rest_route=\/wp\/v2\/posts\/58610\/revisions\/58613"}],"wp:featuredmedia":[{"embeddable":true,"href":"https:\/\/www.interaccionnoticias.com.mx\/index.php?rest_route=\/wp\/v2\/media\/58611"}],"wp:attachment":[{"href":"https:\/\/www.interaccionnoticias.com.mx\/index.php?rest_route=%2Fwp%2Fv2%2Fmedia&parent=58610"}],"wp:term":[{"taxonomy":"category","embeddable":true,"href":"https:\/\/www.interaccionnoticias.com.mx\/index.php?rest_route=%2Fwp%2Fv2%2Fcategories&post=58610"},{"taxonomy":"post_tag","embeddable":true,"href":"https:\/\/www.interaccionnoticias.com.mx\/index.php?rest_route=%2Fwp%2Fv2%2Ftags&post=58610"}],"curies":[{"name":"wp","href":"https:\/\/api.w.org\/{rel}","templated":true}]}}