{"id":5853,"date":"2017-06-28T16:18:46","date_gmt":"2017-06-28T21:18:46","guid":{"rendered":"http:\/\/www.inter-accion.com.mx\/?p=5853"},"modified":"2017-06-28T16:18:46","modified_gmt":"2017-06-28T21:18:46","slug":"una-queja-obligaria-a-cdheg-investigar-espionaje-de-gobierno-estatal","status":"publish","type":"post","link":"https:\/\/www.interaccionnoticias.com.mx\/?p=5853","title":{"rendered":"Una queja obligar\u00eda a CDHEG investigar espionaje de gobierno estatal"},"content":{"rendered":"<p>Una queja por la presunci\u00f3n de espionaje contra el gobierno del estado, obligar\u00eda a la Comisi\u00f3n de Derechos Humanos del Estado de Guerrero (CDHEG) a iniciar un expediente contra el aparato gubernamental, asegur\u00f3 el ombusdman Ram\u00f3n Navarrete Magdaleno.<br \/>\nEn entrevista, Navarrete Magdaleno asegur\u00f3 que tiene precauci\u00f3n al usar su tel\u00e9fono porque tiene la certeza de que es escuchado por otras personas.&nbsp;<br \/>\n\u00abNo sabemos si es el gobierno, si es el gobiero estatal, federal, local o si son particulares, pero lo cierto es que nuestros tel\u00e9fonos de pronto manifiestan ruidos extra\u00f1os que nos podr\u00eda hacer suponer que es con motivo de que est\u00e1n intervenidos\u00bb, precis\u00f3.<br \/>\nDijo que el gobernador H\u00e9ctor Astudillo Flores, ha reiterado insistentemente que a su llegada al gobierno estatal, no encontr\u00f3 el equipo de espionaje que adquiri\u00f3 el mandatario perredista \u00c1ngel Aguirre Rivero.<\/p>\n","protected":false},"excerpt":{"rendered":"<p>Una queja por la presunci\u00f3n de espionaje contra el gobierno del estado, obligar\u00eda a la Comisi\u00f3n de Derechos Humanos del Estado de Guerrero (CDHEG) a iniciar un expediente contra el&hellip; <\/p>\n","protected":false},"author":1,"featured_media":0,"comment_status":"closed","ping_status":"closed","sticky":false,"template":"","format":"standard","meta":{"fifu_image_url":"","fifu_image_alt":"","footnotes":""},"categories":[8,11],"tags":[],"class_list":["post-5853","post","type-post","status-publish","format-standard","hentry","category-featured","category-guerrero"],"_links":{"self":[{"href":"https:\/\/www.interaccionnoticias.com.mx\/index.php?rest_route=\/wp\/v2\/posts\/5853","targetHints":{"allow":["GET"]}}],"collection":[{"href":"https:\/\/www.interaccionnoticias.com.mx\/index.php?rest_route=\/wp\/v2\/posts"}],"about":[{"href":"https:\/\/www.interaccionnoticias.com.mx\/index.php?rest_route=\/wp\/v2\/types\/post"}],"author":[{"embeddable":true,"href":"https:\/\/www.interaccionnoticias.com.mx\/index.php?rest_route=\/wp\/v2\/users\/1"}],"replies":[{"embeddable":true,"href":"https:\/\/www.interaccionnoticias.com.mx\/index.php?rest_route=%2Fwp%2Fv2%2Fcomments&post=5853"}],"version-history":[{"count":0,"href":"https:\/\/www.interaccionnoticias.com.mx\/index.php?rest_route=\/wp\/v2\/posts\/5853\/revisions"}],"wp:attachment":[{"href":"https:\/\/www.interaccionnoticias.com.mx\/index.php?rest_route=%2Fwp%2Fv2%2Fmedia&parent=5853"}],"wp:term":[{"taxonomy":"category","embeddable":true,"href":"https:\/\/www.interaccionnoticias.com.mx\/index.php?rest_route=%2Fwp%2Fv2%2Fcategories&post=5853"},{"taxonomy":"post_tag","embeddable":true,"href":"https:\/\/www.interaccionnoticias.com.mx\/index.php?rest_route=%2Fwp%2Fv2%2Ftags&post=5853"}],"curies":[{"name":"wp","href":"https:\/\/api.w.org\/{rel}","templated":true}]}}