{"id":5838,"date":"2017-06-28T16:00:50","date_gmt":"2017-06-28T21:00:50","guid":{"rendered":"http:\/\/www.inter-accion.com.mx\/?p=5838"},"modified":"2017-06-28T16:00:50","modified_gmt":"2017-06-28T21:00:50","slug":"asesinan-a-un-agente-de-la-pf-en-acapulco","status":"publish","type":"post","link":"https:\/\/www.interaccionnoticias.com.mx\/?p=5838","title":{"rendered":"Asesinan a un agente de la PF en Acapulco"},"content":{"rendered":"<p><br \/>\n<strong>Al menos recibi\u00f3 un disparo en la cabeza<\/strong><br \/>\n<strong>Acapulco, Gro.-<\/strong> Un agente de la Polic\u00eda Federal, vestido de civil, fue asesinado por sus victimarios que le dispararon en la cabeza, con arma de grueso calibre, en el puerto de Acapulco.<br \/>\nLos hechos se registraron aproximadamente a las 13:10 horas, sobre la calle Ca\u00f1ada de los Amates del Fraccionamiento Farall\u00f3n, muy cerca de la franja tur\u00edstica de este destino de playa.<br \/>\nTras la agresi\u00f3n, al lugar arribaron elementos de la Polic\u00eda Federal de la Divisi\u00f3n de la Gendarmer\u00eda, luego que les reportaron detonaciones de arma de fuego en la referida calle del fraccionamiento Farall\u00f3n.<br \/>\nEn el lugar de la agresi\u00f3n se encontraba un hombre con al menos un disparo en la cabeza de un arma calibre nueve mil\u00edmetros, mismo que estaba cerca del cuerpo del agente de la PF.<br \/>\nA simple vista se le apreciaba tambi\u00e9n un llavero con la leyenda de la Polic\u00eda Federal.<br \/>\nHasta el lugar del homicidio se presentaron personal del Ministerio P\u00fablico, Servicios Periciales quienes realizaron las diligencias y ordenaron al Servicio M\u00e9dico Forense (SEMEFO) el levantamiento del cuerpo.<br \/>\nAntes por la ma\u00f1ana, un hombre fue encontrado degollado, sobre un camino de terracer\u00eda en la colonia Ampliaci\u00f3n Jacarandas.<br \/>\nLa v\u00edctima, de aproximadamente 25 a\u00f1os de edad, estaba atado de pies y manos, adem\u00e1s ten\u00eda cubierto los ojos y la boca con cinta industrial.<br \/>\nAl lugar del crimen se present\u00f3 personal del Ministerio Publico y del Servicio M\u00e9dico Forense, para trasladar el cad\u00e1ver a las instalaciones y el mismo va en calidad de desconocido.<\/p>\n","protected":false},"excerpt":{"rendered":"<p>Al menos recibi\u00f3 un disparo en la cabeza Acapulco, Gro.- Un agente de la Polic\u00eda Federal, vestido de civil, fue asesinado por sus victimarios que le dispararon en la cabeza,&hellip; <\/p>\n","protected":false},"author":1,"featured_media":0,"comment_status":"closed","ping_status":"closed","sticky":false,"template":"","format":"standard","meta":{"fifu_image_url":"","fifu_image_alt":"","footnotes":""},"categories":[8,27],"tags":[],"class_list":["post-5838","post","type-post","status-publish","format-standard","hentry","category-featured","category-seguridad-publica"],"_links":{"self":[{"href":"https:\/\/www.interaccionnoticias.com.mx\/index.php?rest_route=\/wp\/v2\/posts\/5838","targetHints":{"allow":["GET"]}}],"collection":[{"href":"https:\/\/www.interaccionnoticias.com.mx\/index.php?rest_route=\/wp\/v2\/posts"}],"about":[{"href":"https:\/\/www.interaccionnoticias.com.mx\/index.php?rest_route=\/wp\/v2\/types\/post"}],"author":[{"embeddable":true,"href":"https:\/\/www.interaccionnoticias.com.mx\/index.php?rest_route=\/wp\/v2\/users\/1"}],"replies":[{"embeddable":true,"href":"https:\/\/www.interaccionnoticias.com.mx\/index.php?rest_route=%2Fwp%2Fv2%2Fcomments&post=5838"}],"version-history":[{"count":0,"href":"https:\/\/www.interaccionnoticias.com.mx\/index.php?rest_route=\/wp\/v2\/posts\/5838\/revisions"}],"wp:attachment":[{"href":"https:\/\/www.interaccionnoticias.com.mx\/index.php?rest_route=%2Fwp%2Fv2%2Fmedia&parent=5838"}],"wp:term":[{"taxonomy":"category","embeddable":true,"href":"https:\/\/www.interaccionnoticias.com.mx\/index.php?rest_route=%2Fwp%2Fv2%2Fcategories&post=5838"},{"taxonomy":"post_tag","embeddable":true,"href":"https:\/\/www.interaccionnoticias.com.mx\/index.php?rest_route=%2Fwp%2Fv2%2Ftags&post=5838"}],"curies":[{"name":"wp","href":"https:\/\/api.w.org\/{rel}","templated":true}]}}