{"id":58352,"date":"2023-03-02T11:49:20","date_gmt":"2023-03-02T17:49:20","guid":{"rendered":"https:\/\/interaccionnoticias.com.mx\/?p=58352"},"modified":"2023-03-02T11:49:25","modified_gmt":"2023-03-02T17:49:25","slug":"trabajadores-del-sindicato-sentimientos-de-la-nacion-toman-el-congreso-de-guerrero","status":"publish","type":"post","link":"https:\/\/www.interaccionnoticias.com.mx\/?p=58352","title":{"rendered":"Trabajadores del sindicato \u201cSentimientos de la Naci\u00f3n\u201d toman el Congreso de Guerrero"},"content":{"rendered":"\n<p><strong><em>&#8212; Tambi\u00e9n cierran las vialidades aleda\u00f1as, tras el despido de dos de sus compa\u00f1eros<\/em><\/strong><\/p>\n\n\n\n<p><strong>Jes\u00fas Dorantes<\/strong><\/p>\n\n\n\n<p><strong>Chilpancingo, Gro.- <\/strong>Integrantes del Sindicato \u201cSentimientos de la Naci\u00f3n\u201d tomaron por segunda ocasi\u00f3n las instalaciones del Congreso local, para exigir la recontrataci\u00f3n de dos de sus compa\u00f1eros, que aseguran, fueron despedidos como represalia por sumarse al movimiento generado el mes de febrero.<\/p>\n\n\n\n<p>Desde las 06:00 horas del jueves, los sindicalizados que se encontraban en plant\u00f3n desde la semana afuera del Congreso, sin interrumpir el paso de diputados y visitantes, decidieron cerrar los accesos al edificio que alberga al Poder Legislativo.<\/p>\n\n\n\n<p>En el inmueble tambi\u00e9n fueron colocadas dos lonas con las leyendas \u00abCongreso Represor\u00bb y \u00abLibertad Sindical\u00bb, al ser cuestionado al respecto, el representante del sindicato, Fernando Mart\u00ednez Rom\u00e1n denunci\u00f3 que hasta la fecha llevan 25 actas administrativas levantadas en contra de los miembros del gremio que representa.<\/p>\n\n\n\n<p>Manifest\u00f3 que sin duda, se trata de actos de hostigamiento que se suman a la retenci\u00f3n del salario de la segunda quincena de febrero, adem\u00e1s del despido de sus compa\u00f1eros Alondra Reza y Ram\u00f3n N\u00fa\u00f1ez, a quienes se separ\u00f3 de sus espacios a finales del mes de febrero.<\/p>\n\n\n\n<p>La ma\u00f1ana del jueves, los trabajadores del \u201cSentimientos de la Naci\u00f3n\u201d cerraron las vialidades del punto conocido como El Tr\u00e9bol, lo que perjudic\u00f3 de manera importante la circulaci\u00f3n en la parte sur de la capital del estado.<\/p>\n\n\n\n<p>Los trabajadores exhortaron a la presidenta de la Junta de Coordinaci\u00f3n Pol\u00edtica (JUCOPO), Yoloczin Dom\u00ednguez Serna y los dem\u00e1s diputados que toman parte de dicho \u00f3rgano de gobierno del Poder Legislativo, a instalar una nueva mesa de di\u00e1logo para evitar que el movimiento se complique.<\/p>\n","protected":false},"excerpt":{"rendered":"<p>&#8212; Tambi\u00e9n cierran las vialidades aleda\u00f1as, tras el despido de dos de sus compa\u00f1eros Jes\u00fas Dorantes Chilpancingo, Gro.- Integrantes del Sindicato \u201cSentimientos de la Naci\u00f3n\u201d tomaron por segunda ocasi\u00f3n las&hellip; <\/p>\n","protected":false},"author":8,"featured_media":58353,"comment_status":"open","ping_status":"open","sticky":false,"template":"","format":"standard","meta":{"fifu_image_url":"","fifu_image_alt":"","footnotes":""},"categories":[2],"tags":[],"class_list":["post-58352","post","type-post","status-publish","format-standard","has-post-thumbnail","hentry","category-congreso"],"_links":{"self":[{"href":"https:\/\/www.interaccionnoticias.com.mx\/index.php?rest_route=\/wp\/v2\/posts\/58352","targetHints":{"allow":["GET"]}}],"collection":[{"href":"https:\/\/www.interaccionnoticias.com.mx\/index.php?rest_route=\/wp\/v2\/posts"}],"about":[{"href":"https:\/\/www.interaccionnoticias.com.mx\/index.php?rest_route=\/wp\/v2\/types\/post"}],"author":[{"embeddable":true,"href":"https:\/\/www.interaccionnoticias.com.mx\/index.php?rest_route=\/wp\/v2\/users\/8"}],"replies":[{"embeddable":true,"href":"https:\/\/www.interaccionnoticias.com.mx\/index.php?rest_route=%2Fwp%2Fv2%2Fcomments&post=58352"}],"version-history":[{"count":1,"href":"https:\/\/www.interaccionnoticias.com.mx\/index.php?rest_route=\/wp\/v2\/posts\/58352\/revisions"}],"predecessor-version":[{"id":58354,"href":"https:\/\/www.interaccionnoticias.com.mx\/index.php?rest_route=\/wp\/v2\/posts\/58352\/revisions\/58354"}],"wp:featuredmedia":[{"embeddable":true,"href":"https:\/\/www.interaccionnoticias.com.mx\/index.php?rest_route=\/wp\/v2\/media\/58353"}],"wp:attachment":[{"href":"https:\/\/www.interaccionnoticias.com.mx\/index.php?rest_route=%2Fwp%2Fv2%2Fmedia&parent=58352"}],"wp:term":[{"taxonomy":"category","embeddable":true,"href":"https:\/\/www.interaccionnoticias.com.mx\/index.php?rest_route=%2Fwp%2Fv2%2Fcategories&post=58352"},{"taxonomy":"post_tag","embeddable":true,"href":"https:\/\/www.interaccionnoticias.com.mx\/index.php?rest_route=%2Fwp%2Fv2%2Ftags&post=58352"}],"curies":[{"name":"wp","href":"https:\/\/api.w.org\/{rel}","templated":true}]}}