{"id":58339,"date":"2023-03-01T20:55:46","date_gmt":"2023-03-02T02:55:46","guid":{"rendered":"https:\/\/interaccionnoticias.com.mx\/?p=58339"},"modified":"2023-03-01T20:55:51","modified_gmt":"2023-03-02T02:55:51","slug":"se-voltea-un-camion-de-cervezas-en-acapulco","status":"publish","type":"post","link":"https:\/\/www.interaccionnoticias.com.mx\/?p=58339","title":{"rendered":"Se voltea un cami\u00f3n de cervezas en Acapulco"},"content":{"rendered":"\n<p><strong><em>&#8212; No hubo actos de rapi\u00f1a<br>&#8212; Accidente en la calzada Pie de la Cuesta<\/em><\/strong><\/p>\n\n\n\n<p><strong>Javier Trujillo<\/strong><\/p>\n\n\n\n<p><strong>Acapulco, Gro.-<\/strong> Un cami\u00f3n de cervezas se volte\u00f3 la tarde de este mi\u00e9rcoles en la carretera federal Acapulco-Zihuatanejo, y los pobladores que pasaban por el lugar aprovecharon para llevarse las latas de cerveza que no serv\u00edan.<\/p>\n\n\n\n<p>El accidente veh\u00edcular, ocurri\u00f3 a las 16:00 horas, al poniente del puerto de Acapulco, en Calzada Pie de la Cuesta, cerca del \u00e1rea conocida como la curva de El Derrumbe.<\/p>\n\n\n\n<p>Testigos de los hechos, dicen que el conductor conduc\u00eda a exceso de velocidad, y la unidad que no ten\u00eda logos de ninguna empresa privada, y en su loca carrera perdi\u00f3 el control del veh\u00edculo.<\/p>\n\n\n\n<p>Hasta el sitio del accidente arribo personal de bomberos, y de la Cruz Roja, agentes de tr\u00e1nsito, polic\u00edas, efectivos del Ej\u00e9rcito y la Guardia Nacional.<\/p>\n\n\n\n<p>Tras el accidente veh\u00edcular no se reportaron ni muertos ni personas lesionadas, en tanto el ch\u00f3fer de la unidad solo result\u00f3 con lesiones leves que no ponen en riesgo su integridad.<\/p>\n\n\n\n<p>Tras la volcadura llegaron decenas de personas que levantaron latas vac\u00edas, incluso algunas aprovecharon la situaci\u00f3n para jugar.<\/p>\n\n\n\n<p>El resto del producto que serv\u00eda fue colocado a un costado de la carretera.<\/p>\n\n\n\n<p>Fueron los agentes de tr\u00e1nsito desplegaron un dispositivo vial para agilizar el tr\u00e1fico que se registr\u00f3 en el carril Centro &#8211; Pie de la Cuesta.<\/p>\n","protected":false},"excerpt":{"rendered":"<p>&#8212; No hubo actos de rapi\u00f1a&#8212; Accidente en la calzada Pie de la Cuesta Javier Trujillo Acapulco, Gro.- Un cami\u00f3n de cervezas se volte\u00f3 la tarde de este mi\u00e9rcoles en&hellip; <\/p>\n","protected":false},"author":3,"featured_media":58340,"comment_status":"open","ping_status":"open","sticky":false,"template":"","format":"standard","meta":{"fifu_image_url":"","fifu_image_alt":"","footnotes":""},"categories":[242],"tags":[],"class_list":["post-58339","post","type-post","status-publish","format-standard","has-post-thumbnail","hentry","category-acapulco"],"_links":{"self":[{"href":"https:\/\/www.interaccionnoticias.com.mx\/index.php?rest_route=\/wp\/v2\/posts\/58339","targetHints":{"allow":["GET"]}}],"collection":[{"href":"https:\/\/www.interaccionnoticias.com.mx\/index.php?rest_route=\/wp\/v2\/posts"}],"about":[{"href":"https:\/\/www.interaccionnoticias.com.mx\/index.php?rest_route=\/wp\/v2\/types\/post"}],"author":[{"embeddable":true,"href":"https:\/\/www.interaccionnoticias.com.mx\/index.php?rest_route=\/wp\/v2\/users\/3"}],"replies":[{"embeddable":true,"href":"https:\/\/www.interaccionnoticias.com.mx\/index.php?rest_route=%2Fwp%2Fv2%2Fcomments&post=58339"}],"version-history":[{"count":1,"href":"https:\/\/www.interaccionnoticias.com.mx\/index.php?rest_route=\/wp\/v2\/posts\/58339\/revisions"}],"predecessor-version":[{"id":58341,"href":"https:\/\/www.interaccionnoticias.com.mx\/index.php?rest_route=\/wp\/v2\/posts\/58339\/revisions\/58341"}],"wp:featuredmedia":[{"embeddable":true,"href":"https:\/\/www.interaccionnoticias.com.mx\/index.php?rest_route=\/wp\/v2\/media\/58340"}],"wp:attachment":[{"href":"https:\/\/www.interaccionnoticias.com.mx\/index.php?rest_route=%2Fwp%2Fv2%2Fmedia&parent=58339"}],"wp:term":[{"taxonomy":"category","embeddable":true,"href":"https:\/\/www.interaccionnoticias.com.mx\/index.php?rest_route=%2Fwp%2Fv2%2Fcategories&post=58339"},{"taxonomy":"post_tag","embeddable":true,"href":"https:\/\/www.interaccionnoticias.com.mx\/index.php?rest_route=%2Fwp%2Fv2%2Ftags&post=58339"}],"curies":[{"name":"wp","href":"https:\/\/api.w.org\/{rel}","templated":true}]}}