{"id":58336,"date":"2023-03-01T20:45:34","date_gmt":"2023-03-02T02:45:34","guid":{"rendered":"https:\/\/interaccionnoticias.com.mx\/?p=58336"},"modified":"2023-03-01T20:45:39","modified_gmt":"2023-03-02T02:45:39","slug":"se-cumplen-20-dias-de-paro-en-la-coordinacion-de-becas-benito-juarez","status":"publish","type":"post","link":"https:\/\/www.interaccionnoticias.com.mx\/?p=58336","title":{"rendered":"Se cumplen 20 d\u00edas de paro en la coordinaci\u00f3n de Becas Benito Ju\u00e1rez"},"content":{"rendered":"\n<p><em><strong>&#8212; Los trabajadores exigen prestaciones, acusan que no se les atiende adecuadamente<\/strong><\/em><\/p>\n\n\n\n<p><strong>Eduardo Yener Santos \/ Chilpancingo., 1 de marzo de 2023<\/strong><\/p>\n\n\n\n<p>Trabajadores de la Coordinaci\u00f3n Nacional de Becas Benito Ju\u00e1rez cumplieron 20 d\u00edas en paro laboral, por lo que mantienen tomadas las oficinas en Chilpancingo.<\/p>\n\n\n\n<p>Con la protesta, los empleados exigir contratos apegados a derecho, seguros de vida y que el gobierno federal apoye a la familia del joven Jes\u00fas Palem\u00f3n Garc\u00eda \u00c1vila, servidor de la Naci\u00f3n que perdi\u00f3 la vida en un accidente automovil\u00edstico, registrado el 7 de febrero en la v\u00eda Iguala-Teloloapan.<\/p>\n\n\n\n<p>Son m\u00e1s de 30 trabajadores los que permanecen en paro desde el 11 de febrero, ellos aseguran que el delegado de las Becas Benito Ju\u00e1rez, Clemente Gerardo L\u00f3pez Rom\u00e1n, no atiende las demandas de los inconformes ni los recibe para dialogar.<\/p>\n\n\n\n<p>Los inconformes aseguraron que la Coordinaci\u00f3n Nacional de Becas Benito Ju\u00e1rez les ha retenido el pago de la segunda quincena de febrero, por eso responsabilizan a Clemente Gerardo L\u00f3pez Rom\u00e1n, de ser el causante de dicha omisi\u00f3n.<\/p>\n\n\n\n<p>Los trabajadores de las Becas Benito Ju\u00e1rez comenzaron su movimiento despu\u00e9s del fallecimiento del joven Jes\u00fas Palemon Garc\u00eda, originario de Iguala, quien muri\u00f3 en un accidente cuando regresaba de Teloloapan, despu\u00e9s de entregar \u00f3rdenes de pago a familias beneficiarias.<\/p>\n\n\n\n<p>Una de las trabajadoras que participa en el paro laboral, Felicitas Mart\u00ednez Guzm\u00e1n, inform\u00f3 que la petici\u00f3n al gobierno federal es que los 2 mil 238 trabajadores en Guerrero obtengan contratos laborales permanentes y de cuatro meses, como desde hace 20 a\u00f1os vienen laborando.<\/p>\n\n\n\n<p>Adem\u00e1s piden el reconocimiento a la antig\u00fcedad, que les otorguen un seguro de vida y prestaciones.<\/p>\n\n\n\n<p>Tambi\u00e9n reclaman que les asignen nuevo material de trabajo, como veh\u00edculos debido a que aseguran, los que utilizan para sus traslados a otras regiones se encuentran en malas condiciones y deteriorados.<\/p>\n","protected":false},"excerpt":{"rendered":"<p>&#8212; Los trabajadores exigen prestaciones, acusan que no se les atiende adecuadamente Eduardo Yener Santos \/ Chilpancingo., 1 de marzo de 2023 Trabajadores de la Coordinaci\u00f3n Nacional de Becas Benito&hellip; <\/p>\n","protected":false},"author":31,"featured_media":58337,"comment_status":"open","ping_status":"open","sticky":false,"template":"","format":"standard","meta":{"fifu_image_url":"","fifu_image_alt":"","footnotes":""},"categories":[11],"tags":[],"class_list":["post-58336","post","type-post","status-publish","format-standard","has-post-thumbnail","hentry","category-guerrero"],"_links":{"self":[{"href":"https:\/\/www.interaccionnoticias.com.mx\/index.php?rest_route=\/wp\/v2\/posts\/58336","targetHints":{"allow":["GET"]}}],"collection":[{"href":"https:\/\/www.interaccionnoticias.com.mx\/index.php?rest_route=\/wp\/v2\/posts"}],"about":[{"href":"https:\/\/www.interaccionnoticias.com.mx\/index.php?rest_route=\/wp\/v2\/types\/post"}],"author":[{"embeddable":true,"href":"https:\/\/www.interaccionnoticias.com.mx\/index.php?rest_route=\/wp\/v2\/users\/31"}],"replies":[{"embeddable":true,"href":"https:\/\/www.interaccionnoticias.com.mx\/index.php?rest_route=%2Fwp%2Fv2%2Fcomments&post=58336"}],"version-history":[{"count":1,"href":"https:\/\/www.interaccionnoticias.com.mx\/index.php?rest_route=\/wp\/v2\/posts\/58336\/revisions"}],"predecessor-version":[{"id":58338,"href":"https:\/\/www.interaccionnoticias.com.mx\/index.php?rest_route=\/wp\/v2\/posts\/58336\/revisions\/58338"}],"wp:featuredmedia":[{"embeddable":true,"href":"https:\/\/www.interaccionnoticias.com.mx\/index.php?rest_route=\/wp\/v2\/media\/58337"}],"wp:attachment":[{"href":"https:\/\/www.interaccionnoticias.com.mx\/index.php?rest_route=%2Fwp%2Fv2%2Fmedia&parent=58336"}],"wp:term":[{"taxonomy":"category","embeddable":true,"href":"https:\/\/www.interaccionnoticias.com.mx\/index.php?rest_route=%2Fwp%2Fv2%2Fcategories&post=58336"},{"taxonomy":"post_tag","embeddable":true,"href":"https:\/\/www.interaccionnoticias.com.mx\/index.php?rest_route=%2Fwp%2Fv2%2Ftags&post=58336"}],"curies":[{"name":"wp","href":"https:\/\/api.w.org\/{rel}","templated":true}]}}