{"id":58333,"date":"2023-03-01T20:40:38","date_gmt":"2023-03-02T02:40:38","guid":{"rendered":"https:\/\/interaccionnoticias.com.mx\/?p=58333"},"modified":"2023-03-01T20:40:43","modified_gmt":"2023-03-02T02:40:43","slug":"en-15-dias-se-sabra-si-hay-candidatura-de-unidad-en-la-uagro-javier-saldana","status":"publish","type":"post","link":"https:\/\/www.interaccionnoticias.com.mx\/?p=58333","title":{"rendered":"En 15 d\u00edas se sabr\u00e1 si hay candidatura de unidad en la Uagro: Javier Saldana"},"content":{"rendered":"\n<p><strong>Rosario Garc\u00eda Orozco<\/strong><\/p>\n\n\n\n<p><strong>Chilpancingo, Gro., 1 de mar<\/strong>zo del 2023.- El ex rector de la Universidad Aut\u00f3noma de Guerrero (UAGRO), Javier Salda\u00f1a Almaz\u00e1n consider\u00f3 que en unos 15 d\u00edas ya se tendr\u00e1 claro si se concreta la candidatura de unidad a la rector\u00eda de la M\u00e1xima Casa de Estudios o si habr\u00e1 m\u00e1s candidatos en el proceso.<\/p>\n\n\n\n<p>El aspirante a ser por tercer ocasi\u00f3n rector de la Uagro, fue abordado por los medios de comunicaci\u00f3n a su llegada a un encuentro en el que los integrantes del Sindicato de Trabajadores T\u00e9cnicos Administrativos y de Intendencia (STTAISUAGRO), quienes le patentizaron su respecto para ser su candidato para el siguiente proceso, tendiente a revovar la rector\u00eda.<\/p>\n\n\n\n<p>Hace d\u00edas Salda\u00f1a Almaz\u00e1n fue \u201cdestapado\u201d como aspirante a la Rector\u00eda de la Universidad Aut\u00f3noma de Guerrero (UAGro) por el Frente por la Reforma Democr\u00e1tica de la Universidad (Fredeuag) y por el Grupo Universidad por Guerrero, y en entrevista inform\u00f3 que esta semana se reunir\u00e1 con otros aspirantes a ese cargo, Roberto Rodr\u00edguez Salda\u00f1a y Efr\u00e9n Marmolejo. como parte del proceso para conformar una candidatura de unidad.<\/p>\n\n\n\n<p>Enfatiz\u00f3 que en \u00abesa ruta, afortunadamente todo va caminando bien\u201d y dijo tener \u00abesperanza, confianza y mucha fe en Dios de que si me dej\u00f3 aqu\u00ed es por algo\u201d, en clara alusi\u00f3n al dif\u00edcil situaci\u00f3n de salud que vivi\u00f3 durante la pandemia por Coronavirus, ya que en tres ocasiones se contagio de Covid 19, lo que puso en riesgo su vida.<\/p>\n\n\n\n<p>Javier Salda\u00f1a coment\u00f3 que con el Fredeuag, la corriente a la cual pertenece y lidera, hay plena armon\u00eda, aunque mencion\u00f3 que s\u00ed tiene que dialogar con las diferentes corrientes y expresiones pol\u00edticas universitarias que existen, con las cuales hay un di\u00e1logo permanente.<\/p>\n","protected":false},"excerpt":{"rendered":"<p>Rosario Garc\u00eda Orozco Chilpancingo, Gro., 1 de marzo del 2023.- El ex rector de la Universidad Aut\u00f3noma de Guerrero (UAGRO), Javier Salda\u00f1a Almaz\u00e1n consider\u00f3 que en unos 15 d\u00edas ya&hellip; <\/p>\n","protected":false},"author":14,"featured_media":58334,"comment_status":"open","ping_status":"open","sticky":false,"template":"","format":"standard","meta":{"fifu_image_url":"","fifu_image_alt":"","footnotes":""},"categories":[30],"tags":[],"class_list":["post-58333","post","type-post","status-publish","format-standard","has-post-thumbnail","hentry","category-universidad"],"_links":{"self":[{"href":"https:\/\/www.interaccionnoticias.com.mx\/index.php?rest_route=\/wp\/v2\/posts\/58333","targetHints":{"allow":["GET"]}}],"collection":[{"href":"https:\/\/www.interaccionnoticias.com.mx\/index.php?rest_route=\/wp\/v2\/posts"}],"about":[{"href":"https:\/\/www.interaccionnoticias.com.mx\/index.php?rest_route=\/wp\/v2\/types\/post"}],"author":[{"embeddable":true,"href":"https:\/\/www.interaccionnoticias.com.mx\/index.php?rest_route=\/wp\/v2\/users\/14"}],"replies":[{"embeddable":true,"href":"https:\/\/www.interaccionnoticias.com.mx\/index.php?rest_route=%2Fwp%2Fv2%2Fcomments&post=58333"}],"version-history":[{"count":1,"href":"https:\/\/www.interaccionnoticias.com.mx\/index.php?rest_route=\/wp\/v2\/posts\/58333\/revisions"}],"predecessor-version":[{"id":58335,"href":"https:\/\/www.interaccionnoticias.com.mx\/index.php?rest_route=\/wp\/v2\/posts\/58333\/revisions\/58335"}],"wp:featuredmedia":[{"embeddable":true,"href":"https:\/\/www.interaccionnoticias.com.mx\/index.php?rest_route=\/wp\/v2\/media\/58334"}],"wp:attachment":[{"href":"https:\/\/www.interaccionnoticias.com.mx\/index.php?rest_route=%2Fwp%2Fv2%2Fmedia&parent=58333"}],"wp:term":[{"taxonomy":"category","embeddable":true,"href":"https:\/\/www.interaccionnoticias.com.mx\/index.php?rest_route=%2Fwp%2Fv2%2Fcategories&post=58333"},{"taxonomy":"post_tag","embeddable":true,"href":"https:\/\/www.interaccionnoticias.com.mx\/index.php?rest_route=%2Fwp%2Fv2%2Ftags&post=58333"}],"curies":[{"name":"wp","href":"https:\/\/api.w.org\/{rel}","templated":true}]}}