{"id":58330,"date":"2023-03-01T20:36:03","date_gmt":"2023-03-02T02:36:03","guid":{"rendered":"https:\/\/interaccionnoticias.com.mx\/?p=58330"},"modified":"2023-03-01T20:36:08","modified_gmt":"2023-03-02T02:36:08","slug":"gobernadora-de-guerrero-reconoce-acto-de-sensibilidad-en-el-gobierno-de-la-republica","status":"publish","type":"post","link":"https:\/\/www.interaccionnoticias.com.mx\/?p=58330","title":{"rendered":"Gobernadora de Guerrero reconoce acto de sensibilidad en el Gobierno de la Rep\u00fablica"},"content":{"rendered":"\n<p><strong><em>&#8212; Por la decisi\u00f3n de frenar el alza en las tarifas de la Autopista del Sol<\/em><\/strong><\/p>\n\n\n\n<p><strong>Rosario Garc\u00eda Orozco<\/strong><\/p>\n\n\n\n<p><strong>Chilpancingo, Gro., 1 de marzo del 2023.- <\/strong>La gobernadora Evelyn Salgado Pineda calific\u00f3 com un acto de sensibilidad del gobierno de la Rep\u00fablica, al hecho de frenar el incremento del 7.82 por ciento en las cuotas de peaje de la Autopista del Sol.<\/p>\n\n\n\n<p>La titular del Poder Ejecutivo local, consider\u00f3 que el anunci\u00f3 de la Secretar\u00eda de Infraestructura, Comunicaciones y Transportes (SICT dado a conocer la noche del martes 28 de febrero, resulta altamente positivo para el estado de Guerrero.<\/p>\n\n\n\n<p>En un mensaje difundido a trav\u00e9s de sus redes sociales, Salgado Pineda expuso: \u00abAgradezco y reconozco la sensibilidad del Gobierno de M\u00e9xico, que a trav\u00e9s de la Secretar\u00eda de Infraestructura, Comunicaciones y Transportes, anunci\u00f3 que por el momento no habr\u00e1 incremento a las tarifas en las casetas, este primero de marzo\u00bb.<\/p>\n\n\n\n<p>Dicha medida, manifest\u00f3 que permitir\u00e1 que haya una buena afluencia de turistas hacia los diferentes destinos de Guerrero, como ha sucedido en los \u00faltimos meses.<\/p>\n\n\n\n<p>De esa manera, manifest\u00f3 que se permitir\u00e1 que muchos mexicanos y extranjeros sigan disfrutando de los destinos tur\u00edsticos de Guerrero.<\/p>\n","protected":false},"excerpt":{"rendered":"<p>&#8212; Por la decisi\u00f3n de frenar el alza en las tarifas de la Autopista del Sol Rosario Garc\u00eda Orozco Chilpancingo, Gro., 1 de marzo del 2023.- La gobernadora Evelyn Salgado&hellip; <\/p>\n","protected":false},"author":14,"featured_media":58331,"comment_status":"open","ping_status":"open","sticky":false,"template":"","format":"standard","meta":{"fifu_image_url":"","fifu_image_alt":"","footnotes":""},"categories":[11],"tags":[],"class_list":["post-58330","post","type-post","status-publish","format-standard","has-post-thumbnail","hentry","category-guerrero"],"_links":{"self":[{"href":"https:\/\/www.interaccionnoticias.com.mx\/index.php?rest_route=\/wp\/v2\/posts\/58330","targetHints":{"allow":["GET"]}}],"collection":[{"href":"https:\/\/www.interaccionnoticias.com.mx\/index.php?rest_route=\/wp\/v2\/posts"}],"about":[{"href":"https:\/\/www.interaccionnoticias.com.mx\/index.php?rest_route=\/wp\/v2\/types\/post"}],"author":[{"embeddable":true,"href":"https:\/\/www.interaccionnoticias.com.mx\/index.php?rest_route=\/wp\/v2\/users\/14"}],"replies":[{"embeddable":true,"href":"https:\/\/www.interaccionnoticias.com.mx\/index.php?rest_route=%2Fwp%2Fv2%2Fcomments&post=58330"}],"version-history":[{"count":1,"href":"https:\/\/www.interaccionnoticias.com.mx\/index.php?rest_route=\/wp\/v2\/posts\/58330\/revisions"}],"predecessor-version":[{"id":58332,"href":"https:\/\/www.interaccionnoticias.com.mx\/index.php?rest_route=\/wp\/v2\/posts\/58330\/revisions\/58332"}],"wp:featuredmedia":[{"embeddable":true,"href":"https:\/\/www.interaccionnoticias.com.mx\/index.php?rest_route=\/wp\/v2\/media\/58331"}],"wp:attachment":[{"href":"https:\/\/www.interaccionnoticias.com.mx\/index.php?rest_route=%2Fwp%2Fv2%2Fmedia&parent=58330"}],"wp:term":[{"taxonomy":"category","embeddable":true,"href":"https:\/\/www.interaccionnoticias.com.mx\/index.php?rest_route=%2Fwp%2Fv2%2Fcategories&post=58330"},{"taxonomy":"post_tag","embeddable":true,"href":"https:\/\/www.interaccionnoticias.com.mx\/index.php?rest_route=%2Fwp%2Fv2%2Ftags&post=58330"}],"curies":[{"name":"wp","href":"https:\/\/api.w.org\/{rel}","templated":true}]}}