{"id":58326,"date":"2023-03-01T20:33:13","date_gmt":"2023-03-02T02:33:13","guid":{"rendered":"https:\/\/interaccionnoticias.com.mx\/?p=58326"},"modified":"2023-03-01T20:33:18","modified_gmt":"2023-03-02T02:33:18","slug":"mujeres-trans-se-movilizaran-el-8-de-marzo","status":"publish","type":"post","link":"https:\/\/www.interaccionnoticias.com.mx\/?p=58326","title":{"rendered":"Mujeres trans se movilizar\u00e1n el 8 de marzo"},"content":{"rendered":"\n<p><strong><em>&#8212; Denuncian que las mujeres biol\u00f3gicas tambi\u00e9n las discriminan<\/em><\/strong><\/p>\n\n\n\n<p><strong>Jes\u00fas Dorantes<\/strong><\/p>\n\n\n\n<p><strong>Chilpancingo, Gro.-<\/strong> El Colectivo Trans Guerrero lanz\u00f3 una convocatoria para todas las mujeres, transexuales, lesbianas y bisexuales para marchar el pr\u00f3ximo 8 de marzo, D\u00eda Internacional de la Mujer, para exigir visibilidad y respeto para todas.<\/p>\n\n\n\n<p>La marcha fue convocada para las 15:30 horas del 8 de marzo y tendr\u00e1 como punto de partida la Comisi\u00f3n de Derechos Humanos del Estado de Guerrero (CDHEG).<\/p>\n\n\n\n<p>La representante del colectivo de reciente creaci\u00f3n, Jess Alarc\u00f3n asegur\u00f3 que el feminismo no es s\u00f3lo de las mujeres y que tampoco es cuesti\u00f3n de g\u00e9nero, si no principalmente de identidad.<\/p>\n\n\n\n<p>Asegur\u00f3 que dentro de las mujeres existe una gran diversidad, pero tambi\u00e9n ciertas fobias hacia el movimiento LGBT, el cual dar\u00e1 una su primera movilizaci\u00f3n en la historia reciente, pues habr\u00e1 un contingente de mujeres transg\u00e9nero conmemorando una fecha tan importante.<\/p>\n\n\n\n<p>Dicha marcha podr\u00eda replicarse en otros puntos de la entidad, no solo en chilpancingo.<\/p>\n\n\n\n<p>Entre los planteamientos centrales se encuentra el que no haya exclusi\u00f3n y que tambi\u00e9n se les respete como mujeres.<\/p>\n\n\n\n<figure class=\"wp-block-gallery columns-1 is-cropped wp-block-gallery-1 is-layout-flex wp-block-gallery-is-layout-flex\"><ul class=\"blocks-gallery-grid\"><li class=\"blocks-gallery-item\"><figure><img decoding=\"async\" src=\"data:image\/gif;base64,R0lGODlhAQABAIAAAAAAAP\/\/\/ywAAAAAAQABAAACAUwAOw==\" fifu-lazy=\"1\" fifu-data-sizes=\"auto\" fifu-data-srcset=\"https:\/\/i2.wp.com\/interaccionnoticias.com.mx\/wp-content\/uploads\/2023\/03\/230227-8-de-marzo-576x1024.jpeg?ssl=1&w=75&resize=75&ssl=1 75w, https:\/\/i2.wp.com\/interaccionnoticias.com.mx\/wp-content\/uploads\/2023\/03\/230227-8-de-marzo-576x1024.jpeg?ssl=1&w=100&resize=100&ssl=1 100w, https:\/\/i2.wp.com\/interaccionnoticias.com.mx\/wp-content\/uploads\/2023\/03\/230227-8-de-marzo-576x1024.jpeg?ssl=1&w=150&resize=150&ssl=1 150w, https:\/\/i2.wp.com\/interaccionnoticias.com.mx\/wp-content\/uploads\/2023\/03\/230227-8-de-marzo-576x1024.jpeg?ssl=1&w=240&resize=240&ssl=1 240w, https:\/\/i2.wp.com\/interaccionnoticias.com.mx\/wp-content\/uploads\/2023\/03\/230227-8-de-marzo-576x1024.jpeg?ssl=1&w=320&resize=320&ssl=1 320w, https:\/\/i2.wp.com\/interaccionnoticias.com.mx\/wp-content\/uploads\/2023\/03\/230227-8-de-marzo-576x1024.jpeg?ssl=1&w=500&resize=500&ssl=1 500w, https:\/\/i2.wp.com\/interaccionnoticias.com.mx\/wp-content\/uploads\/2023\/03\/230227-8-de-marzo-576x1024.jpeg?ssl=1&w=640&resize=640&ssl=1 640w, https:\/\/i2.wp.com\/interaccionnoticias.com.mx\/wp-content\/uploads\/2023\/03\/230227-8-de-marzo-576x1024.jpeg?ssl=1&w=800&resize=800&ssl=1 800w, https:\/\/i2.wp.com\/interaccionnoticias.com.mx\/wp-content\/uploads\/2023\/03\/230227-8-de-marzo-576x1024.jpeg?ssl=1&w=1024&resize=1024&ssl=1 1024w, https:\/\/i2.wp.com\/interaccionnoticias.com.mx\/wp-content\/uploads\/2023\/03\/230227-8-de-marzo-576x1024.jpeg?ssl=1&w=1280&resize=1280&ssl=1 1280w, https:\/\/i2.wp.com\/interaccionnoticias.com.mx\/wp-content\/uploads\/2023\/03\/230227-8-de-marzo-576x1024.jpeg?ssl=1&w=1600&resize=1600&ssl=1 1600w\" fifu-data-src=\"https:\/\/i2.wp.com\/interaccionnoticias.com.mx\/wp-content\/uploads\/2023\/03\/230227-8-de-marzo-576x1024.jpeg?ssl=1\" alt=\"\" data-id=\"58327\" data-full-url=\"https:\/\/interaccionnoticias.com.mx\/wp-content\/uploads\/2023\/03\/230227-8-de-marzo.jpeg\" data-link=\"https:\/\/interaccionnoticias.com.mx\/?attachment_id=58327\" class=\"wp-image-58327\"\/><\/figure><\/li><\/ul><\/figure>\n","protected":false},"excerpt":{"rendered":"<p>&#8212; Denuncian que las mujeres biol\u00f3gicas tambi\u00e9n las discriminan Jes\u00fas Dorantes Chilpancingo, Gro.- El Colectivo Trans Guerrero lanz\u00f3 una convocatoria para todas las mujeres, transexuales, lesbianas y bisexuales para marchar&hellip; <\/p>\n","protected":false},"author":8,"featured_media":58328,"comment_status":"open","ping_status":"open","sticky":false,"template":"","format":"standard","meta":{"fifu_image_url":"","fifu_image_alt":"","footnotes":""},"categories":[29],"tags":[],"class_list":["post-58326","post","type-post","status-publish","format-standard","has-post-thumbnail","hentry","category-sociedad"],"_links":{"self":[{"href":"https:\/\/www.interaccionnoticias.com.mx\/index.php?rest_route=\/wp\/v2\/posts\/58326","targetHints":{"allow":["GET"]}}],"collection":[{"href":"https:\/\/www.interaccionnoticias.com.mx\/index.php?rest_route=\/wp\/v2\/posts"}],"about":[{"href":"https:\/\/www.interaccionnoticias.com.mx\/index.php?rest_route=\/wp\/v2\/types\/post"}],"author":[{"embeddable":true,"href":"https:\/\/www.interaccionnoticias.com.mx\/index.php?rest_route=\/wp\/v2\/users\/8"}],"replies":[{"embeddable":true,"href":"https:\/\/www.interaccionnoticias.com.mx\/index.php?rest_route=%2Fwp%2Fv2%2Fcomments&post=58326"}],"version-history":[{"count":1,"href":"https:\/\/www.interaccionnoticias.com.mx\/index.php?rest_route=\/wp\/v2\/posts\/58326\/revisions"}],"predecessor-version":[{"id":58329,"href":"https:\/\/www.interaccionnoticias.com.mx\/index.php?rest_route=\/wp\/v2\/posts\/58326\/revisions\/58329"}],"wp:featuredmedia":[{"embeddable":true,"href":"https:\/\/www.interaccionnoticias.com.mx\/index.php?rest_route=\/wp\/v2\/media\/58328"}],"wp:attachment":[{"href":"https:\/\/www.interaccionnoticias.com.mx\/index.php?rest_route=%2Fwp%2Fv2%2Fmedia&parent=58326"}],"wp:term":[{"taxonomy":"category","embeddable":true,"href":"https:\/\/www.interaccionnoticias.com.mx\/index.php?rest_route=%2Fwp%2Fv2%2Fcategories&post=58326"},{"taxonomy":"post_tag","embeddable":true,"href":"https:\/\/www.interaccionnoticias.com.mx\/index.php?rest_route=%2Fwp%2Fv2%2Ftags&post=58326"}],"curies":[{"name":"wp","href":"https:\/\/api.w.org\/{rel}","templated":true}]}}