{"id":58322,"date":"2023-03-01T17:09:10","date_gmt":"2023-03-01T23:09:10","guid":{"rendered":"https:\/\/interaccionnoticias.com.mx\/?p=58322"},"modified":"2023-03-01T17:09:15","modified_gmt":"2023-03-01T23:09:15","slug":"por-calculo-politico-la-marcha-atras-en-el-incremento-al-peaje-en-la-autopista-del-sol","status":"publish","type":"post","link":"https:\/\/www.interaccionnoticias.com.mx\/?p=58322","title":{"rendered":"Por c\u00e1lculo pol\u00edtico, la marcha atr\u00e1s en el incremento al peaje en la Autopista del Sol"},"content":{"rendered":"\n<p><strong><em>&#8212; La marcha del 26 de febrero, definitiva para tomar la decisi\u00f3n<\/em><\/strong><\/p>\n\n\n\n<p><strong>Eduardo Yener<\/strong><\/p>\n\n\n\n<p>La dirigencia estatal del (PRD) sostuvo que la reversa al aumento del peaje en las autopistas del pa\u00eds, en realidad es consecuencia del c\u00e1lculo pol\u00edtico que generan en el Gobierno de la Rep\u00fablica las marchas del 26 de febrero.<\/p>\n\n\n\n<p>En el centro de Chilpancingo, el dirigente estatal del PRD, Alberto Catal\u00e1n Bastida celebr\u00f3 que se haya dado marcha atr\u00e1s al incremento del peaje en la Autopista del Sol, pero descart\u00f3 que se trate de una medida completamente honesta de parte del gobierno federal.<\/p>\n\n\n\n<p>Acompa\u00f1ado de la estructura del Comit\u00e9 Ejecutivo Estatal (CEE), Catal\u00e1n Bastida reproch\u00f3 que el freno al peaje solo se haya informado a trav\u00e9s de un escueto comunicado.<\/p>\n\n\n\n<p>Agreg\u00f3 que la petici\u00f3n de su partido es que no existan m\u00e1s incrementos en los pr\u00f3ximos a\u00f1os, pues consider\u00f3 que se trata de una suspensi\u00f3n que en cualquier momento podr\u00e1n retomar.<\/p>\n\n\n\n<p>Si hoy existe un acto de reflexi\u00f3n, dijo que este se logr\u00f3 a consecuencia del repudio de los mexicanos, particularmente de los guerrerenses<\/p>\n\n\n\n<p>El la misma conferencia, el presidente del Consejo Estatal del PRD, Mario Ruiz Valencia declar\u00f3 que el intento de incrementar el peaje para despu\u00e9s frenarlo se puede interpretar como un juego pol\u00edtico del gobierno federal, reconociendo que la marcha de este domingo en favor del Instituto Nacional Electoral (INE) influy\u00f3 para que se frenara la medida, que era completamente impopular.<\/p>\n\n\n\n<p>Ruiz Valencia asegur\u00f3 que su partido continuar\u00e1 en la ruta legal de los amparos que han interpuesto para evitar el aumento a las autopistas pero tambi\u00e9n para dar reversa a la reforma electoral conocida como Plan B.<\/p>\n\n\n\n<p>En otro tema, el presidente de PRD, Alberto Catal\u00e1n Bastida llam\u00f3 al gobierno federal y estatal a revisar la estrategias de seguridad en Acapulco, porque en esa ciudad todos los d\u00edas se registran asesinatos y, pareciera que las autoridades la han abandonado y se da\u00f1a la imagen de la ciudad y se da\u00f1a tambi\u00e9n a las familias de las v\u00edctimas.<\/p>\n\n\n\n<div class=\"wp-block-jetpack-slideshow aligncenter\" data-effect=\"slide\"><div class=\"wp-block-jetpack-slideshow_container swiper-container\"><ul class=\"wp-block-jetpack-slideshow_swiper-wrapper swiper-wrapper\"><li class=\"wp-block-jetpack-slideshow_slide swiper-slide\"><figure><img decoding=\"async\" src=\"data:image\/gif;base64,R0lGODlhAQABAIAAAAAAAP\/\/\/ywAAAAAAQABAAACAUwAOw==\" fifu-lazy=\"1\" fifu-data-sizes=\"auto\" fifu-data-srcset=\"https:\/\/i3.wp.com\/interaccionnoticias.com.mx\/wp-content\/uploads\/2023\/03\/230301-PRD-Guerrero-1-1024x683.jpg?ssl=1&w=75&resize=75&ssl=1 75w, https:\/\/i3.wp.com\/interaccionnoticias.com.mx\/wp-content\/uploads\/2023\/03\/230301-PRD-Guerrero-1-1024x683.jpg?ssl=1&w=100&resize=100&ssl=1 100w, https:\/\/i3.wp.com\/interaccionnoticias.com.mx\/wp-content\/uploads\/2023\/03\/230301-PRD-Guerrero-1-1024x683.jpg?ssl=1&w=150&resize=150&ssl=1 150w, https:\/\/i3.wp.com\/interaccionnoticias.com.mx\/wp-content\/uploads\/2023\/03\/230301-PRD-Guerrero-1-1024x683.jpg?ssl=1&w=240&resize=240&ssl=1 240w, https:\/\/i3.wp.com\/interaccionnoticias.com.mx\/wp-content\/uploads\/2023\/03\/230301-PRD-Guerrero-1-1024x683.jpg?ssl=1&w=320&resize=320&ssl=1 320w, https:\/\/i3.wp.com\/interaccionnoticias.com.mx\/wp-content\/uploads\/2023\/03\/230301-PRD-Guerrero-1-1024x683.jpg?ssl=1&w=500&resize=500&ssl=1 500w, https:\/\/i3.wp.com\/interaccionnoticias.com.mx\/wp-content\/uploads\/2023\/03\/230301-PRD-Guerrero-1-1024x683.jpg?ssl=1&w=640&resize=640&ssl=1 640w, https:\/\/i3.wp.com\/interaccionnoticias.com.mx\/wp-content\/uploads\/2023\/03\/230301-PRD-Guerrero-1-1024x683.jpg?ssl=1&w=800&resize=800&ssl=1 800w, https:\/\/i3.wp.com\/interaccionnoticias.com.mx\/wp-content\/uploads\/2023\/03\/230301-PRD-Guerrero-1-1024x683.jpg?ssl=1&w=1024&resize=1024&ssl=1 1024w, https:\/\/i3.wp.com\/interaccionnoticias.com.mx\/wp-content\/uploads\/2023\/03\/230301-PRD-Guerrero-1-1024x683.jpg?ssl=1&w=1280&resize=1280&ssl=1 1280w, https:\/\/i3.wp.com\/interaccionnoticias.com.mx\/wp-content\/uploads\/2023\/03\/230301-PRD-Guerrero-1-1024x683.jpg?ssl=1&w=1600&resize=1600&ssl=1 1600w\" alt=\"\" class=\"wp-block-jetpack-slideshow_image wp-image-58323\" data-id=\"58323\" fifu-data-src=\"https:\/\/i3.wp.com\/interaccionnoticias.com.mx\/wp-content\/uploads\/2023\/03\/230301-PRD-Guerrero-1-1024x683.jpg?ssl=1\"\/><\/figure><\/li><li class=\"wp-block-jetpack-slideshow_slide swiper-slide\"><figure><img decoding=\"async\" src=\"data:image\/gif;base64,R0lGODlhAQABAIAAAAAAAP\/\/\/ywAAAAAAQABAAACAUwAOw==\" fifu-lazy=\"1\" fifu-data-sizes=\"auto\" fifu-data-srcset=\"https:\/\/i0.wp.com\/interaccionnoticias.com.mx\/wp-content\/uploads\/2023\/03\/230301-PRD-Guerrero-2-1024x683.jpg?ssl=1&w=75&resize=75&ssl=1 75w, https:\/\/i0.wp.com\/interaccionnoticias.com.mx\/wp-content\/uploads\/2023\/03\/230301-PRD-Guerrero-2-1024x683.jpg?ssl=1&w=100&resize=100&ssl=1 100w, https:\/\/i0.wp.com\/interaccionnoticias.com.mx\/wp-content\/uploads\/2023\/03\/230301-PRD-Guerrero-2-1024x683.jpg?ssl=1&w=150&resize=150&ssl=1 150w, https:\/\/i0.wp.com\/interaccionnoticias.com.mx\/wp-content\/uploads\/2023\/03\/230301-PRD-Guerrero-2-1024x683.jpg?ssl=1&w=240&resize=240&ssl=1 240w, https:\/\/i0.wp.com\/interaccionnoticias.com.mx\/wp-content\/uploads\/2023\/03\/230301-PRD-Guerrero-2-1024x683.jpg?ssl=1&w=320&resize=320&ssl=1 320w, https:\/\/i0.wp.com\/interaccionnoticias.com.mx\/wp-content\/uploads\/2023\/03\/230301-PRD-Guerrero-2-1024x683.jpg?ssl=1&w=500&resize=500&ssl=1 500w, https:\/\/i0.wp.com\/interaccionnoticias.com.mx\/wp-content\/uploads\/2023\/03\/230301-PRD-Guerrero-2-1024x683.jpg?ssl=1&w=640&resize=640&ssl=1 640w, https:\/\/i0.wp.com\/interaccionnoticias.com.mx\/wp-content\/uploads\/2023\/03\/230301-PRD-Guerrero-2-1024x683.jpg?ssl=1&w=800&resize=800&ssl=1 800w, https:\/\/i0.wp.com\/interaccionnoticias.com.mx\/wp-content\/uploads\/2023\/03\/230301-PRD-Guerrero-2-1024x683.jpg?ssl=1&w=1024&resize=1024&ssl=1 1024w, https:\/\/i0.wp.com\/interaccionnoticias.com.mx\/wp-content\/uploads\/2023\/03\/230301-PRD-Guerrero-2-1024x683.jpg?ssl=1&w=1280&resize=1280&ssl=1 1280w, https:\/\/i0.wp.com\/interaccionnoticias.com.mx\/wp-content\/uploads\/2023\/03\/230301-PRD-Guerrero-2-1024x683.jpg?ssl=1&w=1600&resize=1600&ssl=1 1600w\" alt=\"\" class=\"wp-block-jetpack-slideshow_image wp-image-58324\" data-id=\"58324\" fifu-data-src=\"https:\/\/i0.wp.com\/interaccionnoticias.com.mx\/wp-content\/uploads\/2023\/03\/230301-PRD-Guerrero-2-1024x683.jpg?ssl=1\"\/><\/figure><\/li><\/ul><a class=\"wp-block-jetpack-slideshow_button-prev swiper-button-prev swiper-button-white\" role=\"button\"><\/a><a class=\"wp-block-jetpack-slideshow_button-next swiper-button-next swiper-button-white\" role=\"button\"><\/a><a aria-label=\"Pause Slideshow\" class=\"wp-block-jetpack-slideshow_button-pause\" role=\"button\"><\/a><div class=\"wp-block-jetpack-slideshow_pagination swiper-pagination swiper-pagination-white\"><\/div><\/div><\/div>\n","protected":false},"excerpt":{"rendered":"<p>&#8212; La marcha del 26 de febrero, definitiva para tomar la decisi\u00f3n Eduardo Yener La dirigencia estatal del (PRD) sostuvo que la reversa al aumento del peaje en las autopistas&hellip; <\/p>\n","protected":false},"author":31,"featured_media":58323,"comment_status":"open","ping_status":"open","sticky":false,"template":"","format":"standard","meta":{"fifu_image_url":"","fifu_image_alt":"","footnotes":""},"categories":[21],"tags":[],"class_list":["post-58322","post","type-post","status-publish","format-standard","has-post-thumbnail","hentry","category-politica"],"_links":{"self":[{"href":"https:\/\/www.interaccionnoticias.com.mx\/index.php?rest_route=\/wp\/v2\/posts\/58322","targetHints":{"allow":["GET"]}}],"collection":[{"href":"https:\/\/www.interaccionnoticias.com.mx\/index.php?rest_route=\/wp\/v2\/posts"}],"about":[{"href":"https:\/\/www.interaccionnoticias.com.mx\/index.php?rest_route=\/wp\/v2\/types\/post"}],"author":[{"embeddable":true,"href":"https:\/\/www.interaccionnoticias.com.mx\/index.php?rest_route=\/wp\/v2\/users\/31"}],"replies":[{"embeddable":true,"href":"https:\/\/www.interaccionnoticias.com.mx\/index.php?rest_route=%2Fwp%2Fv2%2Fcomments&post=58322"}],"version-history":[{"count":1,"href":"https:\/\/www.interaccionnoticias.com.mx\/index.php?rest_route=\/wp\/v2\/posts\/58322\/revisions"}],"predecessor-version":[{"id":58325,"href":"https:\/\/www.interaccionnoticias.com.mx\/index.php?rest_route=\/wp\/v2\/posts\/58322\/revisions\/58325"}],"wp:featuredmedia":[{"embeddable":true,"href":"https:\/\/www.interaccionnoticias.com.mx\/index.php?rest_route=\/wp\/v2\/media\/58323"}],"wp:attachment":[{"href":"https:\/\/www.interaccionnoticias.com.mx\/index.php?rest_route=%2Fwp%2Fv2%2Fmedia&parent=58322"}],"wp:term":[{"taxonomy":"category","embeddable":true,"href":"https:\/\/www.interaccionnoticias.com.mx\/index.php?rest_route=%2Fwp%2Fv2%2Fcategories&post=58322"},{"taxonomy":"post_tag","embeddable":true,"href":"https:\/\/www.interaccionnoticias.com.mx\/index.php?rest_route=%2Fwp%2Fv2%2Ftags&post=58322"}],"curies":[{"name":"wp","href":"https:\/\/api.w.org\/{rel}","templated":true}]}}