{"id":5832,"date":"2017-06-28T14:23:10","date_gmt":"2017-06-28T19:23:10","guid":{"rendered":"http:\/\/www.inter-accion.com.mx\/?p=5832"},"modified":"2017-06-28T14:23:10","modified_gmt":"2017-06-28T19:23:10","slug":"protestan-comunicadores-para-pedir-seguridad-a-reportero","status":"publish","type":"post","link":"https:\/\/www.interaccionnoticias.com.mx\/?p=5832","title":{"rendered":"Protestan periodistas en Chilpancingo"},"content":{"rendered":"<p><br \/>\n<strong>Por el caso Adame Pardo y amenazas contra reportero en Tierra Caliente<\/strong><br \/>\nTrabajadores de diferentes medios de comunicaci\u00f3n se concentraron en la plaza central de Chilpancingo para denunciar las amenazas dirigidas contra el reportero Agust\u00edn Hern\u00e1ndez Valerio, nada menos que por un hijo del diputado local Ciauht\u00e9moc Salgado Romero, tambi\u00e9n exigieron justicia en el caso de Salvador Adame Pardo, director del Canal 6 de Nueva Italia Michoac\u00e1n, cuyos restos fueron encontrados a un mes de su desaparici\u00f3n.<br \/>\nDe primera instancia, los comunicadores se reunieron en la plazuela de la Libertad de Expresi\u00f3n, en donde despidieron el cuerpo de Pablo Mart\u00edn Obreg\u00f3n Tejeda, quien fuera corresponsal de Televisa en Guerrero durante m\u00e1s de 25 a\u00f1os.<br \/>\nObreg\u00f3n Tejeda muri\u00f3 la ma\u00f1ana del martes 27 de junio en su domicilio particular, a causa de complicaciones de salud, sus compa\u00f1eros lo despidieron este mi\u00e9rcoles en medio de aplausos y reconocimiento al trabajo que despleg\u00f3 durante m\u00e1s de dos d\u00e9cadas en las siete regiones.<br \/>\nPosteriormente, los comunicadores se trasladaron al z\u00f3calo, para realizar un pronunciamiento al pie del monumento al general\u00edsimo Jos\u00e9 Mar\u00eda Morelos y Pav\u00f3n.<br \/>\nDE entrada cuestionaron la amenaza que<br \/>\nCuauht\u00e9moc Salgado, hijo del diputado local del PRI, Cuauht\u00e9moc Salgado Romero hizo al periodista Agust\u00edn Hern\u00e1ndez Valerio, quien cubre la nota policiaca en la regi\u00f3n de la Tierra Caliente.<br \/>\nEn sus redes sociales, el hijo del representante popular dijo a Hern\u00e1ndez Valerio lo siguiente: \u201cPronto te va tocar lo que le pas\u00f3 a Cecilio Pineda, por andar de hocic\u00f3n y por periodista\u201d.<br \/>\nEl motivo de la amenaza, fue porque el comunicador difundi\u00f3 la queja de un arrendatario al que Cuauht\u00e9moc Salgado junior no le paga la renta de un departamento en Pungarabato, lejos de cumplir, lo amenaza recurrentemente.<br \/>\nComo Cecilio Pineda fue asesinado en el mismo municipio, Pungarabato, sin que hasta el momento se esclarezca el hecho, los comunicadores decidieron solicitar que en este asunto se active el mecanismo e Protecci\u00f3n a los Periodistas, el cual fue dado a conocer en medio de severos cuestionamientos.<br \/>\n&nbsp;\u201cYa no queremos m\u00e1s impunidad, queremos garant\u00edas para ejercer el periodismo en el estado de Guerrero\u201d dijo el secretario general de la delegaci\u00f3n XVII del Sindicato Nacional de Redactores de la Prensa (SNRP), Eric Chavelas Hern\u00e1ndez.<br \/>\nEl asunto fue retomado tambi\u00e9n por los integrantes de la<br \/>\nAsociaci\u00f3n de reporteros de Nota Roja en el estado de Guerrero, quienes tambi\u00e9n dirigieron un documento al gobierno estatal, al de la federaci\u00f3n y los organismos de derechos humanos interesados en el tema de la libertad de expresi\u00f3n.<br \/>\nTambi\u00e9n solicitaron al Gobierno de la Rep\u00fablica que se esclarezca cuanto antes el caso del periodista Salvador Adame Pardo, cuyos restos, de acuerdo con la Procuradur\u00eda de Justicia de Michoac\u00e1n fueron encontrados a un mes de que se reportara su desaparici\u00f3n.<br \/>\nEl asunto, dijeron que ha generado conmoci\u00f3n a nivel nacional, pero tambi\u00e9n inconformidad por las dudas que genera el trabajo de la Procuradur\u00eda del vecino estado, de ah\u00ed que se reclame una investigaci\u00f3n con resultados &nbsp;confiables.<\/p>\n","protected":false},"excerpt":{"rendered":"<p>Por el caso Adame Pardo y amenazas contra reportero en Tierra Caliente Trabajadores de diferentes medios de comunicaci\u00f3n se concentraron en la plaza central de Chilpancingo para denunciar las amenazas&hellip; <\/p>\n","protected":false},"author":1,"featured_media":0,"comment_status":"closed","ping_status":"closed","sticky":false,"template":"","format":"standard","meta":{"fifu_image_url":"","fifu_image_alt":"","footnotes":""},"categories":[13,8],"tags":[],"class_list":["post-5832","post","type-post","status-publish","format-standard","hentry","category-capital","category-featured"],"_links":{"self":[{"href":"https:\/\/www.interaccionnoticias.com.mx\/index.php?rest_route=\/wp\/v2\/posts\/5832","targetHints":{"allow":["GET"]}}],"collection":[{"href":"https:\/\/www.interaccionnoticias.com.mx\/index.php?rest_route=\/wp\/v2\/posts"}],"about":[{"href":"https:\/\/www.interaccionnoticias.com.mx\/index.php?rest_route=\/wp\/v2\/types\/post"}],"author":[{"embeddable":true,"href":"https:\/\/www.interaccionnoticias.com.mx\/index.php?rest_route=\/wp\/v2\/users\/1"}],"replies":[{"embeddable":true,"href":"https:\/\/www.interaccionnoticias.com.mx\/index.php?rest_route=%2Fwp%2Fv2%2Fcomments&post=5832"}],"version-history":[{"count":0,"href":"https:\/\/www.interaccionnoticias.com.mx\/index.php?rest_route=\/wp\/v2\/posts\/5832\/revisions"}],"wp:attachment":[{"href":"https:\/\/www.interaccionnoticias.com.mx\/index.php?rest_route=%2Fwp%2Fv2%2Fmedia&parent=5832"}],"wp:term":[{"taxonomy":"category","embeddable":true,"href":"https:\/\/www.interaccionnoticias.com.mx\/index.php?rest_route=%2Fwp%2Fv2%2Fcategories&post=5832"},{"taxonomy":"post_tag","embeddable":true,"href":"https:\/\/www.interaccionnoticias.com.mx\/index.php?rest_route=%2Fwp%2Fv2%2Ftags&post=5832"}],"curies":[{"name":"wp","href":"https:\/\/api.w.org\/{rel}","templated":true}]}}