{"id":58314,"date":"2023-03-01T16:56:53","date_gmt":"2023-03-01T22:56:53","guid":{"rendered":"https:\/\/interaccionnoticias.com.mx\/?p=58314"},"modified":"2023-03-01T16:56:57","modified_gmt":"2023-03-01T22:56:57","slug":"retien-salario-del-dirigente-del-sindicato-sentimientos-de-la-nacion","status":"publish","type":"post","link":"https:\/\/www.interaccionnoticias.com.mx\/?p=58314","title":{"rendered":"Retien salario del dirigente del sindicato \u00abSentimientos de la Naci\u00f3n\u00bb"},"content":{"rendered":"\n<p><strong><em>&#8212; Denuncian represalia por el movimiento de seis d\u00edas<\/em><\/strong><\/p>\n\n\n\n<p><strong>Jes\u00fas Dorantes<\/strong><\/p>\n\n\n\n<p><strong>Chilpancingo, Gro.- <\/strong>Integrantes del Sindicato \u00abSentimientos de la Naci\u00f3n\u00bb, denunciaron que a seis d\u00edas de su plant\u00f3n en las instalaciones del Congreso, a su dirigente Fernando Mart\u00ednez Rom\u00e1n le fue retenido el pago de su salario, lo que califican como una represalia.<\/p>\n\n\n\n<p>El mediod\u00eda del mi\u00e9rcoles, en su campamento que fue instalado desde el viernes 24 de febrero, los integrantes del grupo sindical de reciente creaci\u00f3n al interior del Poder Le denunciaron que a casi una semana de su protesta por los despidos injustificados de dos de sus integrantes ahora atentan contra su l\u00edder.<\/p>\n\n\n\n<p>En su intervenci\u00f3n Mart\u00ednez Rom\u00e1n confirm\u00f3 que su salario correspondiente a la quincena del 15 al 28 de febrero fue retenido, por lo que hizo un nuevo exhorto a la gobernadora Evelyn Salgado Pineda y los diputados locales una mesa de di\u00e1logo para resolver el caso.<\/p>\n\n\n\n<p>Mientras que sus compa\u00f1eros calificaron como una acci\u00f3n de retener su salario como un intento de desarticular al movimiento, comenzando por quitar el secretario general del sindicato para comenzar a debilitar su movimiento.<\/p>\n\n\n\n<p>Adem\u00e1s de solicitar a la presidenta de la Junta de Coordinaci\u00f3n Pol\u00edtica una tambi\u00e9n acceda a una mesa de trabajo y cesen las acciones en contra de los trabajadores como lo fue tambi\u00e9n el despido de Alondra Reza y Ram\u00f3n N\u00fa\u00f1ez.<\/p>\n\n\n\n<p>Otro de los llamados para acudir al campamento y tenga una intervenci\u00f3n a favor, fue al senador F\u00e9lix Salgado Macedonio a quien le solicitaron haga valer los valores de la Cuarta Transformaci\u00f3n del partido de Morena que representan.<\/p>\n\n\n\n<p>Por lo que el anuncio del mi\u00e9rcoles 01 de marzo aseguraron es la \u00faltimo llamado que realizan a las autoridades o de lo contrario comenzar\u00e1n a radicalizar el movimiento con el apoyo de 10 sindicatos m\u00e1s.<\/p>\n","protected":false},"excerpt":{"rendered":"<p>&#8212; Denuncian represalia por el movimiento de seis d\u00edas Jes\u00fas Dorantes Chilpancingo, Gro.- Integrantes del Sindicato \u00abSentimientos de la Naci\u00f3n\u00bb, denunciaron que a seis d\u00edas de su plant\u00f3n en las&hellip; <\/p>\n","protected":false},"author":8,"featured_media":58315,"comment_status":"open","ping_status":"open","sticky":false,"template":"","format":"standard","meta":{"fifu_image_url":"","fifu_image_alt":"","footnotes":""},"categories":[2],"tags":[],"class_list":["post-58314","post","type-post","status-publish","format-standard","has-post-thumbnail","hentry","category-congreso"],"_links":{"self":[{"href":"https:\/\/www.interaccionnoticias.com.mx\/index.php?rest_route=\/wp\/v2\/posts\/58314","targetHints":{"allow":["GET"]}}],"collection":[{"href":"https:\/\/www.interaccionnoticias.com.mx\/index.php?rest_route=\/wp\/v2\/posts"}],"about":[{"href":"https:\/\/www.interaccionnoticias.com.mx\/index.php?rest_route=\/wp\/v2\/types\/post"}],"author":[{"embeddable":true,"href":"https:\/\/www.interaccionnoticias.com.mx\/index.php?rest_route=\/wp\/v2\/users\/8"}],"replies":[{"embeddable":true,"href":"https:\/\/www.interaccionnoticias.com.mx\/index.php?rest_route=%2Fwp%2Fv2%2Fcomments&post=58314"}],"version-history":[{"count":1,"href":"https:\/\/www.interaccionnoticias.com.mx\/index.php?rest_route=\/wp\/v2\/posts\/58314\/revisions"}],"predecessor-version":[{"id":58316,"href":"https:\/\/www.interaccionnoticias.com.mx\/index.php?rest_route=\/wp\/v2\/posts\/58314\/revisions\/58316"}],"wp:featuredmedia":[{"embeddable":true,"href":"https:\/\/www.interaccionnoticias.com.mx\/index.php?rest_route=\/wp\/v2\/media\/58315"}],"wp:attachment":[{"href":"https:\/\/www.interaccionnoticias.com.mx\/index.php?rest_route=%2Fwp%2Fv2%2Fmedia&parent=58314"}],"wp:term":[{"taxonomy":"category","embeddable":true,"href":"https:\/\/www.interaccionnoticias.com.mx\/index.php?rest_route=%2Fwp%2Fv2%2Fcategories&post=58314"},{"taxonomy":"post_tag","embeddable":true,"href":"https:\/\/www.interaccionnoticias.com.mx\/index.php?rest_route=%2Fwp%2Fv2%2Ftags&post=58314"}],"curies":[{"name":"wp","href":"https:\/\/api.w.org\/{rel}","templated":true}]}}