{"id":58311,"date":"2023-03-01T11:58:38","date_gmt":"2023-03-01T17:58:38","guid":{"rendered":"https:\/\/interaccionnoticias.com.mx\/?p=58311"},"modified":"2023-03-01T11:58:43","modified_gmt":"2023-03-01T17:58:43","slug":"guerrero-registra-22-asesinatos-de-mujeres-con-violencia-extrema-en-enero-y-febrero","status":"publish","type":"post","link":"https:\/\/www.interaccionnoticias.com.mx\/?p=58311","title":{"rendered":"Guerrero registra 22 asesinatos de mujeres con violencia extrema, en enero y febrero"},"content":{"rendered":"\n<p><strong><em>&#8212; As\u00ed sea un caso, no se debe minimizar y tampoco normalizar; Marina Reyna Aguilar<\/em><\/strong><\/p>\n\n\n\n<p><strong>Yasm\u00edn Garc\u00eda Chino<\/strong><\/p>\n\n\n\n<p><strong>Chilpancingo, Gro., a 1 de marzo 2023.-<\/strong> Los primeros dos meses del a\u00f1o han dejado un saldo de 22 asesinatos de mujeres en la entidad, Acapulco encabeza la lista seguido de Iguala, ambos son municipios incorporados a la declaratoria de Alerta por Violencia de G\u00e9nero contra las mujeres (AVGM) y por la alerta de Violencia Feminicida.<\/p>\n\n\n\n<p>Adem\u00e1s de asesinar a las mujeres con armas de fuego, se han efectuado a golpes, el 5 de febrero en el fraccionamiento hornos a una cuadra de la Costera del puerto de Acapulco fue asesinada una mujer en situaci\u00f3n de calle, v\u00edctimade una golpiza.<\/p>\n\n\n\n<p>El 16 de febrero fue hallada una mujer de aproximadamente 35 a\u00f1os desnuda, envuelta en una s\u00e1bana blanca en una habitaci\u00f3n del hotel Plaza, en pleno centro de Chilpancingo, ella ten\u00eda hematomas en todo el cuerpo y de acuerdo con el reporte policiaco, su cabeza fue golpeada contra el piso.<\/p>\n\n\n\n<p>Otro caso mas de violencia extrema ocurri\u00f3 el 18 de febrero en la comunidad de El Tomatal, municipio de Iguala, donde los pobladores dieron aviso a las autoridades del hallazgo de una mujer asesinada a golpes dentro de su casa.<\/p>\n\n\n\n<p>Marina Reyna Aguilar, directora ejecutiva de la asociaci\u00f3n civil Guerrerenses Contra la Violencia a las Mujeres, se\u00f1al\u00f3 que los asesinatos son con violencia extrema, que solo con el caso de una mujer asesinada no se puede tolerar, porque de lo contrario se estar\u00eda normalizando la violencia hac\u00eda las mujeres.<\/p>\n\n\n\n<p>Los asesinatos durante este a\u00f1o tambi\u00e9n est\u00e1n ocurriendo en municipios que no est\u00e1n alertados, como Atoyac de \u00c1lvarez y Buenavista de Cuellar.<\/p>\n\n\n\n<p>Las dos alertas con las que cuenta el estado de Guerrero fueron emitidas por la Secretar\u00eda de Gobernaci\u00f3n, a trav\u00e9s de la Comisi\u00f3n Nacional para Prevenir y Erradicar la Violencia contra las Mujeres (Conavim) motivo por el cual el gobierno del estado implement\u00f3 un programa espec\u00edfico para prevenir, atender, sancionar y erradicar la violencia contra las mujeres, del cual est\u00e1n informando peri\u00f3dicamente a la federaci\u00f3n respecto al cumplimiento de cada una de las medidas.<\/p>\n\n\n\n<p>En torno a los municipios, puntualiz\u00f3 que tienen la obligaci\u00f3n, a trav\u00e9s de sus sistemas, de atender, sancionar y erradicar la violencia contra las mujeres e implementar acciones concretas.<\/p>\n","protected":false},"excerpt":{"rendered":"<p>&#8212; As\u00ed sea un caso, no se debe minimizar y tampoco normalizar; Marina Reyna Aguilar Yasm\u00edn Garc\u00eda Chino Chilpancingo, Gro., a 1 de marzo 2023.- Los primeros dos meses del&hellip; <\/p>\n","protected":false},"author":32,"featured_media":58312,"comment_status":"open","ping_status":"open","sticky":false,"template":"","format":"standard","meta":{"fifu_image_url":"","fifu_image_alt":"","footnotes":""},"categories":[11],"tags":[],"class_list":["post-58311","post","type-post","status-publish","format-standard","has-post-thumbnail","hentry","category-guerrero"],"_links":{"self":[{"href":"https:\/\/www.interaccionnoticias.com.mx\/index.php?rest_route=\/wp\/v2\/posts\/58311","targetHints":{"allow":["GET"]}}],"collection":[{"href":"https:\/\/www.interaccionnoticias.com.mx\/index.php?rest_route=\/wp\/v2\/posts"}],"about":[{"href":"https:\/\/www.interaccionnoticias.com.mx\/index.php?rest_route=\/wp\/v2\/types\/post"}],"author":[{"embeddable":true,"href":"https:\/\/www.interaccionnoticias.com.mx\/index.php?rest_route=\/wp\/v2\/users\/32"}],"replies":[{"embeddable":true,"href":"https:\/\/www.interaccionnoticias.com.mx\/index.php?rest_route=%2Fwp%2Fv2%2Fcomments&post=58311"}],"version-history":[{"count":1,"href":"https:\/\/www.interaccionnoticias.com.mx\/index.php?rest_route=\/wp\/v2\/posts\/58311\/revisions"}],"predecessor-version":[{"id":58313,"href":"https:\/\/www.interaccionnoticias.com.mx\/index.php?rest_route=\/wp\/v2\/posts\/58311\/revisions\/58313"}],"wp:featuredmedia":[{"embeddable":true,"href":"https:\/\/www.interaccionnoticias.com.mx\/index.php?rest_route=\/wp\/v2\/media\/58312"}],"wp:attachment":[{"href":"https:\/\/www.interaccionnoticias.com.mx\/index.php?rest_route=%2Fwp%2Fv2%2Fmedia&parent=58311"}],"wp:term":[{"taxonomy":"category","embeddable":true,"href":"https:\/\/www.interaccionnoticias.com.mx\/index.php?rest_route=%2Fwp%2Fv2%2Fcategories&post=58311"},{"taxonomy":"post_tag","embeddable":true,"href":"https:\/\/www.interaccionnoticias.com.mx\/index.php?rest_route=%2Fwp%2Fv2%2Ftags&post=58311"}],"curies":[{"name":"wp","href":"https:\/\/api.w.org\/{rel}","templated":true}]}}