{"id":58296,"date":"2023-02-28T20:47:51","date_gmt":"2023-03-01T02:47:51","guid":{"rendered":"https:\/\/interaccionnoticias.com.mx\/?p=58296"},"modified":"2023-02-28T20:47:55","modified_gmt":"2023-03-01T02:47:55","slug":"los-tres-civiles-asesinados-en-el-parotal-no-eran-del-crimen-organizado","status":"publish","type":"post","link":"https:\/\/www.interaccionnoticias.com.mx\/?p=58296","title":{"rendered":"Los tres civiles asesinados en El Parotal no eran del crimen organizado"},"content":{"rendered":"\n<p><strong><em>&#8212; Subsecretario de Seguridad P\u00fablica sostiene que se trataba de denunciantes<br>&#8212; La investigaci\u00f3n est\u00e1 en manos de la FGE<\/em><\/strong><\/p>\n\n\n\n<p><strong>Eduardo Yener Santos \/ CHILPANCINGO, Gro.,28 de febrero 2023<\/strong><\/p>\n\n\n\n<p>A un mes de los hechos registrados en la comunidad El Parotal, municipio de Petatlan, donde cinco personas fueron asesinadas, dos de ellos polic\u00edas estatales, el dubsecretario de Seguridad P\u00fablica del Gobierno de Guerrero, Irving de Jes\u00fas Jim\u00e9nez S\u00e1nchez, insisti\u00f3 que los tres civiles masacradis no eran miembros del crimen organizado.<\/p>\n\n\n\n<p>Jim\u00e9nez S\u00e1nchez asegura que en realidad se trataba dr ciudadanos que estaban haciendo una denuncia, al parecer relacionada con el despojo de una propiedad.<\/p>\n\n\n\n<p>Entrevistado en las instalaciones del Instituto Nacional Electoral (INE), el subsecretario de Seguridad, asegur\u00f3 que es la Fiscal\u00eda General del Estado quien realiza las investigaciones sobre el caso, de tal manera que ser\u00e1 dicha instancia la que determine responsabilidades o no.<\/p>\n\n\n\n<p>El funcionario insisti\u00f3 en que los civiles que acompa\u00f1aron a la polic\u00eda no pertenec\u00edan a ning\u00fan grupo delictivo y, que eran personas que realizaban una denuncia ciudadana.<\/p>\n\n\n\n<p>No abund\u00f3 m\u00e1s en el tema, indicando que ser\u00e1 la Fiscal\u00eda la que investigue los hechos, aunque s\u00ed indic\u00f3 que los 32 polic\u00edas estatales que participaron en esa operaci\u00f3n, todav\u00eda contin\u00faan rindiendo su declaraci\u00f3n<\/p>\n\n\n\n<p>Del ingreso de la Polic\u00eda al poblado de Parotal, el subsecretario se\u00f1al\u00f3 que era un operativo para conocer la zona, reconociendo que se trata se un \u00e1rea de la Sierra donde existen grupos delictivos.<\/p>\n","protected":false},"excerpt":{"rendered":"<p>&#8212; Subsecretario de Seguridad P\u00fablica sostiene que se trataba de denunciantes&#8212; La investigaci\u00f3n est\u00e1 en manos de la FGE Eduardo Yener Santos \/ CHILPANCINGO, Gro.,28 de febrero 2023 A un&hellip; <\/p>\n","protected":false},"author":31,"featured_media":58297,"comment_status":"open","ping_status":"open","sticky":false,"template":"","format":"standard","meta":{"fifu_image_url":"","fifu_image_alt":"","footnotes":""},"categories":[27],"tags":[],"class_list":["post-58296","post","type-post","status-publish","format-standard","has-post-thumbnail","hentry","category-seguridad-publica"],"_links":{"self":[{"href":"https:\/\/www.interaccionnoticias.com.mx\/index.php?rest_route=\/wp\/v2\/posts\/58296","targetHints":{"allow":["GET"]}}],"collection":[{"href":"https:\/\/www.interaccionnoticias.com.mx\/index.php?rest_route=\/wp\/v2\/posts"}],"about":[{"href":"https:\/\/www.interaccionnoticias.com.mx\/index.php?rest_route=\/wp\/v2\/types\/post"}],"author":[{"embeddable":true,"href":"https:\/\/www.interaccionnoticias.com.mx\/index.php?rest_route=\/wp\/v2\/users\/31"}],"replies":[{"embeddable":true,"href":"https:\/\/www.interaccionnoticias.com.mx\/index.php?rest_route=%2Fwp%2Fv2%2Fcomments&post=58296"}],"version-history":[{"count":1,"href":"https:\/\/www.interaccionnoticias.com.mx\/index.php?rest_route=\/wp\/v2\/posts\/58296\/revisions"}],"predecessor-version":[{"id":58298,"href":"https:\/\/www.interaccionnoticias.com.mx\/index.php?rest_route=\/wp\/v2\/posts\/58296\/revisions\/58298"}],"wp:featuredmedia":[{"embeddable":true,"href":"https:\/\/www.interaccionnoticias.com.mx\/index.php?rest_route=\/wp\/v2\/media\/58297"}],"wp:attachment":[{"href":"https:\/\/www.interaccionnoticias.com.mx\/index.php?rest_route=%2Fwp%2Fv2%2Fmedia&parent=58296"}],"wp:term":[{"taxonomy":"category","embeddable":true,"href":"https:\/\/www.interaccionnoticias.com.mx\/index.php?rest_route=%2Fwp%2Fv2%2Fcategories&post=58296"},{"taxonomy":"post_tag","embeddable":true,"href":"https:\/\/www.interaccionnoticias.com.mx\/index.php?rest_route=%2Fwp%2Fv2%2Ftags&post=58296"}],"curies":[{"name":"wp","href":"https:\/\/api.w.org\/{rel}","templated":true}]}}