{"id":58290,"date":"2023-02-28T18:58:03","date_gmt":"2023-03-01T00:58:03","guid":{"rendered":"https:\/\/interaccionnoticias.com.mx\/?p=58290"},"modified":"2023-02-28T18:58:08","modified_gmt":"2023-03-01T00:58:08","slug":"la-reforma-electoral-plan-b-pasara-a-la-historia-por-ser-la-iniciativa-mas-impugnada","status":"publish","type":"post","link":"https:\/\/www.interaccionnoticias.com.mx\/?p=58290","title":{"rendered":"La reforma Electoral Plan B pasar\u00e1 a la historia por ser la iniciativa m\u00e1s impugnada"},"content":{"rendered":"\n<p><strong><em>&#8212; As\u00ed lo consider\u00f3 el vocal del INE, Donaciano Mu\u00f1oz<\/em><\/strong><\/p>\n\n\n\n<p><strong>Rosario Garc\u00eda Orozco<\/strong><\/p>\n\n\n\n<p>Chilpancingo, Gro., 28 de febrero del 2023. &#8211; El vocal ejecutivo del Instituto Nacional Electoral (INE) en Guerrero, Donaciano Mu\u00f1oz Loyola, consider\u00f3 que la Reforma electoral Plan B, ser\u00e1 la iniciativa m\u00e1s impugnada en la historia del pa\u00eds, porque ya sea de manera individual o en grupo, acudir\u00e1n ciudadanos a la Suprema Corte de Justicia de la Naci\u00f3n a manifestarse en contra de ella.<\/p>\n\n\n\n<p>El funcionario electoral fue abordado por los medios de comunicaci\u00f3n al t\u00e9rmino del acto protocolario de la firma de compromisos de 17 instancias de los tres \u00f3rdenes de gobierno en favor de los derechos de los ni\u00f1os, ni\u00f1as y j\u00f3venes, tras la Consulta infantil y juvenil 2023, llevada a cabo por esa instancia.<\/p>\n\n\n\n<p>Donaciano Mu\u00f1oz explic\u00f3 que la iniciativa del presidente Andr\u00e9s Manuel L\u00f3pez Obrador, afecta los procesos electorales y a por lo menos 200 empleados de esa instancia en el estado de Guerrero.<\/p>\n\n\n\n<p>A lo largo de las \u00faltimas semanas, dirigentes estatales y nacionales de distintos partidos politicos han advertido que van a impugnar la iniciativa de Reforma Electoral en cuanto llegue a la Suprema Corte de Justicia de la Naci\u00f3n (SCJN), luego de que fue aprobada en las c[amaras de senadores y de diputados federales.<\/p>\n\n\n\n<p>Solo en Guerrero, dijo, al aprobarse esa medida, ser\u00e1n despedidos de los 9 Distritos electorales federales 154 trabajadores; y al siguiente d\u00eda de la publicaci\u00f3n de esa Reforma Electoral, tambi\u00e9n desaparecer\u00e1 la Secretar\u00eda Ejecutiva.<\/p>\n\n\n\n<p>Agreg\u00f3 que adem\u00e1s de las 154 personas de Servicio Profesional del INE Guerrero, que ser\u00e1n despedidos en los 9 distritos electorales, se plantea la salida 16 trabajadores m\u00e1s del \u00e1rea administrativa, m\u00e1s los funcionarios que integran la Junta Local Ejecutiva Estatal, por lo que en general podr\u00edan aser hasta 200 trabajadores, los que se quedar\u00e1n sin empleo.<\/p>\n\n\n\n<p>Se\u00f1al\u00f3 que, por si fuera poco, el \u00f3rgano electoral federal no cuenta con los recursos suficientes para la&nbsp;indemnizaci\u00f3n de trabajadores que ser\u00edan despedidos, y la misma reforma no contempla de d\u00f3nde se obtendr\u00edan los recursos para la liquidaci\u00f3n de los empleados despedidos.<\/p>\n\n\n\n<p>Por lo que tendr\u00e1 que ser la Secretar\u00eda de Hacienda la que otorgue recursos extraordinarios para que el INE pueda cumplir a cabalidad con lo que establece la ley laboral, sobre la separaci\u00f3n de los trabajadores.<\/p>\n\n\n\n<p>Mu\u00f1oz Loyola dijo que una vez publicada la reforma, se iniciar\u00eda con el proceso de liquidaci\u00f3n en el mes de agosto, es decir, un mes antes del inicio del proceso electoral, lo cual dijo, \u00abes contradictorio ya que en cada inicio del proceso electoral se contrata personal para llegar a todas las regiones del pa\u00eds y del estado, y no habr\u00e1 para ese proceso personal especializado en procesos electorales\u00bb.<\/p>\n\n\n\n<p>En el caso de Guerrero, para la elecci\u00f3n presidencial de manera tradicional, se contrata a 120 personas en cada uno de los 9 distritos electorales federales, y en suma, representan mil profesionales electorales.<\/p>\n\n\n\n<p>Por eso calific\u00f3 como una etapa de \u00abcompleta incertidumbre\u00bb, lo que est\u00e1 por venir tras la aprobaci\u00f3n por parte de los legisladores federales de una Reforma Electoral que afecta no s\u00f3lo a la Instituci\u00f3n, sino a los procesos democr\u00e1ticos del pa\u00eds.<\/p>\n\n\n\n<p>Con la reforma electoral, para la elecci\u00f3n del 2024, tambi\u00e9n se genera una incertidumbre sobre c\u00f3mo deben ejecutarse los procedimientos que marca la ley. \u00abPor lo tanto eventualmente podr\u00eda haber una falla, no precisamente por el Instituto, sino por este debilitamiento que tendr\u00eda como consecuencia la Reforma\u201d.<br><\/p>\n","protected":false},"excerpt":{"rendered":"<p>&#8212; As\u00ed lo consider\u00f3 el vocal del INE, Donaciano Mu\u00f1oz Rosario Garc\u00eda Orozco Chilpancingo, Gro., 28 de febrero del 2023. &#8211; El vocal ejecutivo del Instituto Nacional Electoral (INE) en&hellip; <\/p>\n","protected":false},"author":14,"featured_media":58291,"comment_status":"open","ping_status":"open","sticky":false,"template":"","format":"standard","meta":{"fifu_image_url":"","fifu_image_alt":"","footnotes":""},"categories":[17],"tags":[],"class_list":["post-58290","post","type-post","status-publish","format-standard","has-post-thumbnail","hentry","category-organos-electorales"],"_links":{"self":[{"href":"https:\/\/www.interaccionnoticias.com.mx\/index.php?rest_route=\/wp\/v2\/posts\/58290","targetHints":{"allow":["GET"]}}],"collection":[{"href":"https:\/\/www.interaccionnoticias.com.mx\/index.php?rest_route=\/wp\/v2\/posts"}],"about":[{"href":"https:\/\/www.interaccionnoticias.com.mx\/index.php?rest_route=\/wp\/v2\/types\/post"}],"author":[{"embeddable":true,"href":"https:\/\/www.interaccionnoticias.com.mx\/index.php?rest_route=\/wp\/v2\/users\/14"}],"replies":[{"embeddable":true,"href":"https:\/\/www.interaccionnoticias.com.mx\/index.php?rest_route=%2Fwp%2Fv2%2Fcomments&post=58290"}],"version-history":[{"count":1,"href":"https:\/\/www.interaccionnoticias.com.mx\/index.php?rest_route=\/wp\/v2\/posts\/58290\/revisions"}],"predecessor-version":[{"id":58292,"href":"https:\/\/www.interaccionnoticias.com.mx\/index.php?rest_route=\/wp\/v2\/posts\/58290\/revisions\/58292"}],"wp:featuredmedia":[{"embeddable":true,"href":"https:\/\/www.interaccionnoticias.com.mx\/index.php?rest_route=\/wp\/v2\/media\/58291"}],"wp:attachment":[{"href":"https:\/\/www.interaccionnoticias.com.mx\/index.php?rest_route=%2Fwp%2Fv2%2Fmedia&parent=58290"}],"wp:term":[{"taxonomy":"category","embeddable":true,"href":"https:\/\/www.interaccionnoticias.com.mx\/index.php?rest_route=%2Fwp%2Fv2%2Fcategories&post=58290"},{"taxonomy":"post_tag","embeddable":true,"href":"https:\/\/www.interaccionnoticias.com.mx\/index.php?rest_route=%2Fwp%2Fv2%2Ftags&post=58290"}],"curies":[{"name":"wp","href":"https:\/\/api.w.org\/{rel}","templated":true}]}}