{"id":5829,"date":"2017-06-28T12:16:53","date_gmt":"2017-06-28T17:16:53","guid":{"rendered":"http:\/\/www.inter-accion.com.mx\/?p=5829"},"modified":"2017-06-28T12:16:53","modified_gmt":"2017-06-28T17:16:53","slug":"protestan-comerciantes-por-obras","status":"publish","type":"post","link":"https:\/\/www.interaccionnoticias.com.mx\/?p=5829","title":{"rendered":"Protestan comerciantes por obras"},"content":{"rendered":"<p><strong>Acusan que tienen p\u00e9rdidas en sus negocios<\/strong><br \/>\n<strong>Acapulco, Gro-<\/strong> Un grupo de comerciantes del primer cuadro de la ciudad realizaron una protesta para exigir al gobierno municipal concluya las obras y demandan al gobernador H\u00e9ctor Astudillo apoyos econ\u00f3micos.<br \/>\nEsta ma\u00f1ana, unos 20 locatarios inconformes por la obras de remodelaci\u00f3n de las calles del puerto, portan cartulinas y protestan en la calle Benito Ju\u00e1rez en el centro del puerto de Acapulco.<br \/>\n\u201cSe\u00f1or gobernador H\u00e9ctor Astudillo, ay\u00fadenos que nos paguen lo justo\u201d, dice una de las cartulinas.<br \/>\nLeo es propietario de una panader\u00eda, y dice que han acudido al ayuntamiento para hablar con el alcalde, dice que ya tiene m\u00e1s de dos meses y medio con las obras de remodelaci\u00f3n y tienen p\u00e9rdidas en algunos casos del 75 por ciento.<br \/>\n\u201cEl presidente (Evodio Vel\u00e1zquez Aguirre), nos dijo que el d\u00eda jueves dijo que iba a venir a ver lo de la obra que nos iba a dar una soluci\u00f3n.<br \/>\n\u201cHemos metido papeles, nos dieron un apoyo de dos mil 500 pesos que no alcanza ni para la renta ni la luz, que adem\u00e1s lleg\u00f3 m\u00e1s cara, ahora que hemos estado cerrando la luz lleg\u00f3 m\u00e1s cara, el agua llego m\u00e1s cara, ahora que hemos estado cerrando \u00bfy de donde la vamos a pagar?\u201d, se quej\u00f3.<\/p>\n","protected":false},"excerpt":{"rendered":"<p>Acusan que tienen p\u00e9rdidas en sus negocios Acapulco, Gro- Un grupo de comerciantes del primer cuadro de la ciudad realizaron una protesta para exigir al gobierno municipal concluya las obras&hellip; <\/p>\n","protected":false},"author":1,"featured_media":0,"comment_status":"closed","ping_status":"closed","sticky":false,"template":"","format":"standard","meta":{"fifu_image_url":"","fifu_image_alt":"","footnotes":""},"categories":[8,23],"tags":[],"class_list":["post-5829","post","type-post","status-publish","format-standard","hentry","category-featured","category-regionales"],"_links":{"self":[{"href":"https:\/\/www.interaccionnoticias.com.mx\/index.php?rest_route=\/wp\/v2\/posts\/5829","targetHints":{"allow":["GET"]}}],"collection":[{"href":"https:\/\/www.interaccionnoticias.com.mx\/index.php?rest_route=\/wp\/v2\/posts"}],"about":[{"href":"https:\/\/www.interaccionnoticias.com.mx\/index.php?rest_route=\/wp\/v2\/types\/post"}],"author":[{"embeddable":true,"href":"https:\/\/www.interaccionnoticias.com.mx\/index.php?rest_route=\/wp\/v2\/users\/1"}],"replies":[{"embeddable":true,"href":"https:\/\/www.interaccionnoticias.com.mx\/index.php?rest_route=%2Fwp%2Fv2%2Fcomments&post=5829"}],"version-history":[{"count":0,"href":"https:\/\/www.interaccionnoticias.com.mx\/index.php?rest_route=\/wp\/v2\/posts\/5829\/revisions"}],"wp:attachment":[{"href":"https:\/\/www.interaccionnoticias.com.mx\/index.php?rest_route=%2Fwp%2Fv2%2Fmedia&parent=5829"}],"wp:term":[{"taxonomy":"category","embeddable":true,"href":"https:\/\/www.interaccionnoticias.com.mx\/index.php?rest_route=%2Fwp%2Fv2%2Fcategories&post=5829"},{"taxonomy":"post_tag","embeddable":true,"href":"https:\/\/www.interaccionnoticias.com.mx\/index.php?rest_route=%2Fwp%2Fv2%2Ftags&post=5829"}],"curies":[{"name":"wp","href":"https:\/\/api.w.org\/{rel}","templated":true}]}}